{"id":820,"date":"2019-03-12T12:00:44","date_gmt":"2019-03-12T10:00:44","guid":{"rendered":"https:\/\/kartingsalou.com\/?p=820"},"modified":"2023-10-16T12:03:18","modified_gmt":"2023-10-16T10:03:18","slug":"el-karting-salou-engega-motors-amb-nova-gerencia-i-una-temporada-plena-de-novetats","status":"publish","type":"post","link":"https:\/\/kartingsalou.com\/ca\/el-karting-salou-engega-motors-amb-nova-gerencia-i-una-temporada-plena-de-novetats\/","title":{"rendered":"El Karting Salou engega motors amb nova ger\u00e8ncia i una temporada plena de novetats"},"content":{"rendered":"<h4><strong>Sortejos, regals, descomptes, vermut, m\u00fasica i premis seran els protagonistes<\/strong><\/h4>\n<p>El<a href=\"https:\/\/kartingsalou.com\/ca\/go-karts\/\"><strong> Karting Salou<\/strong><\/a><a href=\"http:\/\/www.kartingsalou.com\/go-karts?utm_source=google&amp;utm_medium=cpc&amp;utm_campaign=Kartingsalou\"><strong>\u00a0<\/strong><\/a>es renova i presenta les novetats en una gran festa d&#8217;inauguraci\u00f3 de temporada que se celebrar\u00e0 el pr\u00f2xim <strong>dissabte 30 de mar\u00e7<\/strong> a les nostres instal\u00b7lacions. Els propietaris del negoci, despr\u00e9s de 50 anys al capdavant,\u00a0han decidit fer un relleu en la direcci\u00f3 donant pas a una nova generaci\u00f3.<\/p>\n<p>Aquest canvi ve acompanyat d&#8217;una\u00a0nova imatge corporativa modernitzada i de diverses actuacions que faran m\u00e9s atractiva l&#8217;oferta de serveis que s&#8217;ofereixen. Des de la direcci\u00f3 del negoci no volem revelar detalls de les novetats perqu\u00e8 les volen fer p\u00fabliques a finals d&#8217;aquest mes, en una gran festa d&#8217;obertura de temporada que vindr\u00e0 acompanyada d&#8217;un torneig de Karts, sortejos i premis.<\/p>\n<h4><strong>El 30 de mar\u00e7, un dia ple de diversi\u00f3 i adrenalina<\/strong><\/h4>\n<p>Des de l&#8217;organitzaci\u00f3 volem compartir aquest gran dia amb tots els amants dels Karts i, per aix\u00f2, tothom qui vulgui assistir podr\u00e0 gaudir d&#8217;una carrera de Karts a meitat de preu, participar en un torneig que realitzaran entre tots els assistents o prendre&#8217;s un vermut a peu de pista a ritme de la m\u00fasica. A m\u00e9s,\u00a0els 50 primers assistents tindran un detall especial i podran gaudir de la nova samarreta del Karting Salou, que ja inclour\u00e0 la nova imatge corporativa.<\/p>\n<h4><strong>Una aposta pel p\u00fablic local<\/strong><\/h4>\n<p>Una de les grans apostes del Karting Salou \u00e9s situar-se com una activitat d&#8217;oci de refer\u00e8ncia per al p\u00fablic de la demarcaci\u00f3 i impulsar activitats atractives que tinguin cabuda durant tot l&#8217;any.\u00a0Per aquest motiu es planteja crear accions com una targeta &#8220;Club&#8221; amb diversos descomptes i empreses aliades, lligues de Karts, festes d&#8217;aniversari, etc.<\/p>\n<p>El Karting Salou est\u00e0 situat en\u00a0un punt privilegiat\u00a0quan a entorn i localitzaci\u00f3 i disposa d&#8217;unesinfraestructures modernes que el fan pioner en la zona.\u00a0A m\u00e9s, disposa tamb\u00e9 d&#8217;atraccions com el\u00a0bungee rocket i activitats recreatives per a tots els p\u00fablics.<\/p>\n<p>Tots sereu benvinguts en la\u00a0gran festa d&#8217;inauguraci\u00f3 que tindr\u00e0 lloc el pr\u00f2xim 30 de mar\u00e7\u00a0a partir de les 11.00 hores a les instal\u00b7lacions del Karting Salou,\u00a0situades a l&#8217;Autovia Reus-Salou km 2,1.<\/p>\n<p>Us esperem!!!<\/p>\n<p>Tamb\u00e9 podeu llegir<span style=\"color: #ff0000;\"> <a style=\"color: #ff0000;\" href=\"https:\/\/tarragonadigital.com\/branded-content\/karting-salou-nova-temporada-sorteig-30-marc-2019\">la not\u00edcia<\/a> <\/span>al Tarragona Digital, que va fer ress\u00f3 de tot aix\u00f2.<\/p>\n","protected":false},"excerpt":{"rendered":"<p>Sortejos, regals, descomptes, vermut, m\u00fasica i premis seran els protagonistes El Karting Salou\u00a0es renova i presenta les novetats en una gran festa d&#8217;inauguraci\u00f3 de temporada que se celebrar\u00e0 el pr\u00f2xim dissabte 30 de mar\u00e7 a les nostres instal\u00b7lacions. Els propietaris del negoci, despr\u00e9s de 50 anys al capdavant,\u00a0han decidit fer un relleu en la direcci\u00f3 [&hellip;]<\/p>\n","protected":false},"author":1,"featured_media":5942,"comment_status":"closed","ping_status":"closed","sticky":false,"template":"","format":"standard","meta":{"_et_pb_use_builder":"","_et_pb_old_content":"","_et_gb_content_width":"","footnotes":""},"categories":[10],"tags":[],"class_list":["post-820","post","type-post","status-publish","format-standard","has-post-thumbnail","hentry","category-noticies"],"yoast_head":"<!-- This site is optimized with the Yoast SEO plugin v27.1.1 - https:\/\/yoast.com\/product\/yoast-seo-wordpress\/ -->\n<title>El Karting Salou\u00a0es renova i presenta les novetats<\/title>\n<meta name=\"description\" content=\"El Karting Salou\u00a0es renova i presenta les novetats en una gran festa d&#039;inauguraci\u00f3 de temporada que se celebrar\u00e0 el pr\u00f2xim dissabte 30 de mar\u00e7\" \/>\n<meta name=\"robots\" content=\"index, follow, max-snippet:-1, max-image-preview:large, max-video-preview:-1\" \/>\n<link rel=\"canonical\" href=\"https:\/\/kartingsalou.com\/ca\/el-karting-salou-engega-motors-amb-nova-gerencia-i-una-temporada-plena-de-novetats\/\" \/>\n<meta property=\"og:locale\" content=\"ca_ES\" \/>\n<meta property=\"og:type\" content=\"article\" \/>\n<meta property=\"og:title\" content=\"El Karting Salou\u00a0es renova i presenta les novetats\" \/>\n<meta property=\"og:description\" content=\"El Karting Salou\u00a0es renova i presenta les novetats en una gran festa d&#039;inauguraci\u00f3 de temporada que se celebrar\u00e0 el pr\u00f2xim dissabte 30 de mar\u00e7\" \/>\n<meta property=\"og:url\" content=\"https:\/\/kartingsalou.com\/ca\/el-karting-salou-engega-motors-amb-nova-gerencia-i-una-temporada-plena-de-novetats\/\" \/>\n<meta property=\"og:site_name\" content=\"Karting Salou | Karting en Tarragona | Cumplea\u00f1os, Eventos\u200e y mucho m\u00e1s!\" \/>\n<meta property=\"article:publisher\" content=\"https:\/\/www.facebook.com\/kartingsalou\/\" \/>\n<meta property=\"article:published_time\" content=\"2019-03-12T10:00:44+00:00\" \/>\n<meta property=\"article:modified_time\" content=\"2023-10-16T10:03:18+00:00\" \/>\n<meta property=\"og:image\" content=\"https:\/\/kartingsalou.com\/wp-content\/uploads\/2019\/03\/el-karting-salou-renova-la-seva-imatge-corporativa.png\" \/>\n\t<meta property=\"og:image:width\" content=\"760\" \/>\n\t<meta property=\"og:image:height\" content=\"400\" \/>\n\t<meta property=\"og:image:type\" content=\"image\/png\" \/>\n<meta name=\"author\" content=\"karting\" \/>\n<meta name=\"twitter:label1\" content=\"Escrit per\" \/>\n\t<meta name=\"twitter:data1\" content=\"karting\" \/>\n\t<meta name=\"twitter:label2\" content=\"Temps estimat de lectura\" \/>\n\t<meta name=\"twitter:data2\" content=\"2 minuts\" \/>\n<script type=\"application\/ld+json\" class=\"yoast-schema-graph\">{\"@context\":\"https:\/\/schema.org\",\"@graph\":[{\"@type\":\"Article\",\"@id\":\"https:\/\/kartingsalou.com\/ca\/el-karting-salou-engega-motors-amb-nova-gerencia-i-una-temporada-plena-de-novetats\/#article\",\"isPartOf\":{\"@id\":\"https:\/\/kartingsalou.com\/ca\/el-karting-salou-engega-motors-amb-nova-gerencia-i-una-temporada-plena-de-novetats\/\"},\"author\":{\"name\":\"karting\",\"@id\":\"https:\/\/kartingsalou.com\/#\/schema\/person\/d1c6ff940a6b2bd1be0553449abe1856\"},\"headline\":\"El Karting Salou engega motors amb nova ger\u00e8ncia i una temporada plena de novetats\",\"datePublished\":\"2019-03-12T10:00:44+00:00\",\"dateModified\":\"2023-10-16T10:03:18+00:00\",\"mainEntityOfPage\":{\"@id\":\"https:\/\/kartingsalou.com\/ca\/el-karting-salou-engega-motors-amb-nova-gerencia-i-una-temporada-plena-de-novetats\/\"},\"wordCount\":410,\"publisher\":{\"@id\":\"https:\/\/kartingsalou.com\/#organization\"},\"image\":{\"@id\":\"https:\/\/kartingsalou.com\/ca\/el-karting-salou-engega-motors-amb-nova-gerencia-i-una-temporada-plena-de-novetats\/#primaryimage\"},\"thumbnailUrl\":\"https:\/\/kartingsalou.com\/wp-content\/uploads\/2019\/03\/el-karting-salou-renova-la-seva-imatge-corporativa.png\",\"articleSection\":[\"NOTICIES\"],\"inLanguage\":\"ca\"},{\"@type\":\"WebPage\",\"@id\":\"https:\/\/kartingsalou.com\/ca\/el-karting-salou-engega-motors-amb-nova-gerencia-i-una-temporada-plena-de-novetats\/\",\"url\":\"https:\/\/kartingsalou.com\/ca\/el-karting-salou-engega-motors-amb-nova-gerencia-i-una-temporada-plena-de-novetats\/\",\"name\":\"El Karting Salou\u00a0es renova i presenta les novetats\",\"isPartOf\":{\"@id\":\"https:\/\/kartingsalou.com\/#website\"},\"primaryImageOfPage\":{\"@id\":\"https:\/\/kartingsalou.com\/ca\/el-karting-salou-engega-motors-amb-nova-gerencia-i-una-temporada-plena-de-novetats\/#primaryimage\"},\"image\":{\"@id\":\"https:\/\/kartingsalou.com\/ca\/el-karting-salou-engega-motors-amb-nova-gerencia-i-una-temporada-plena-de-novetats\/#primaryimage\"},\"thumbnailUrl\":\"https:\/\/kartingsalou.com\/wp-content\/uploads\/2019\/03\/el-karting-salou-renova-la-seva-imatge-corporativa.png\",\"datePublished\":\"2019-03-12T10:00:44+00:00\",\"dateModified\":\"2023-10-16T10:03:18+00:00\",\"description\":\"El Karting Salou\u00a0es renova i presenta les novetats en una gran festa d'inauguraci\u00f3 de temporada que se celebrar\u00e0 el pr\u00f2xim dissabte 30 de mar\u00e7\",\"breadcrumb\":{\"@id\":\"https:\/\/kartingsalou.com\/ca\/el-karting-salou-engega-motors-amb-nova-gerencia-i-una-temporada-plena-de-novetats\/#breadcrumb\"},\"inLanguage\":\"ca\",\"potentialAction\":[{\"@type\":\"ReadAction\",\"target\":[\"https:\/\/kartingsalou.com\/ca\/el-karting-salou-engega-motors-amb-nova-gerencia-i-una-temporada-plena-de-novetats\/\"]}]},{\"@type\":\"ImageObject\",\"inLanguage\":\"ca\",\"@id\":\"https:\/\/kartingsalou.com\/ca\/el-karting-salou-engega-motors-amb-nova-gerencia-i-una-temporada-plena-de-novetats\/#primaryimage\",\"url\":\"https:\/\/kartingsalou.com\/wp-content\/uploads\/2019\/03\/el-karting-salou-renova-la-seva-imatge-corporativa.png\",\"contentUrl\":\"https:\/\/kartingsalou.com\/wp-content\/uploads\/2019\/03\/el-karting-salou-renova-la-seva-imatge-corporativa.png\",\"width\":760,\"height\":400},{\"@type\":\"BreadcrumbList\",\"@id\":\"https:\/\/kartingsalou.com\/ca\/el-karting-salou-engega-motors-amb-nova-gerencia-i-una-temporada-plena-de-novetats\/#breadcrumb\",\"itemListElement\":[{\"@type\":\"ListItem\",\"position\":1,\"name\":\"Portada\",\"item\":\"https:\/\/kartingsalou.com\/\"},{\"@type\":\"ListItem\",\"position\":2,\"name\":\"El Karting Salou engega motors amb nova ger\u00e8ncia i una temporada plena de novetats\"}]},{\"@type\":\"WebSite\",\"@id\":\"https:\/\/kartingsalou.com\/#website\",\"url\":\"https:\/\/kartingsalou.com\/\",\"name\":\"Karting Salou | Karting en Tarragona | Cumplea\u00f1os, Eventos\u200e y mucho m\u00e1s!\",\"description\":\"Uno de los Mejores Circuitos de Karting de Europa. Eventos, Cumplea\u00f1os. Eventos Para Empresas, \u00a1Ven a Disfrutar! Parking Gratuito. Para Todos los P\u00fablicos. Celebraciones de Eventos. Bus Gratis.\",\"publisher\":{\"@id\":\"https:\/\/kartingsalou.com\/#organization\"},\"alternateName\":\"Karts Salou\",\"potentialAction\":[{\"@type\":\"SearchAction\",\"target\":{\"@type\":\"EntryPoint\",\"urlTemplate\":\"https:\/\/kartingsalou.com\/?s={search_term_string}\"},\"query-input\":{\"@type\":\"PropertyValueSpecification\",\"valueRequired\":true,\"valueName\":\"search_term_string\"}}],\"inLanguage\":\"ca\"},{\"@type\":\"Organization\",\"@id\":\"https:\/\/kartingsalou.com\/#organization\",\"name\":\"Karting Salou | Karting en Tarragona | Cumplea\u00f1os, Eventos\u200e y mucho m\u00e1s!\",\"url\":\"https:\/\/kartingsalou.com\/\",\"logo\":{\"@type\":\"ImageObject\",\"inLanguage\":\"ca\",\"@id\":\"https:\/\/kartingsalou.com\/#\/schema\/logo\/image\/\",\"url\":\"https:\/\/kartingsalou.com\/wp-content\/uploads\/2024\/06\/Logo.jpg\",\"contentUrl\":\"https:\/\/kartingsalou.com\/wp-content\/uploads\/2024\/06\/Logo.jpg\",\"width\":1032,\"height\":415,\"caption\":\"Karting Salou | Karting en Tarragona | Cumplea\u00f1os, Eventos\u200e y mucho m\u00e1s!\"},\"image\":{\"@id\":\"https:\/\/kartingsalou.com\/#\/schema\/logo\/image\/\"},\"sameAs\":[\"https:\/\/www.facebook.com\/kartingsalou\/\",\"https:\/\/x.com\/saloukarting\",\"https:\/\/www.instagram.com\/kartingsalou\/?hl=es\"]},{\"@type\":\"Person\",\"@id\":\"https:\/\/kartingsalou.com\/#\/schema\/person\/d1c6ff940a6b2bd1be0553449abe1856\",\"name\":\"karting\",\"image\":{\"@type\":\"ImageObject\",\"inLanguage\":\"ca\",\"@id\":\"https:\/\/kartingsalou.com\/#\/schema\/person\/image\/\",\"url\":\"https:\/\/secure.gravatar.com\/avatar\/124ecf6469f0e1bdbc3c01d5f782380b23f30ecaec6cfd5e56c8af13c54dfe25?s=96&d=mm&r=g\",\"contentUrl\":\"https:\/\/secure.gravatar.com\/avatar\/124ecf6469f0e1bdbc3c01d5f782380b23f30ecaec6cfd5e56c8af13c54dfe25?s=96&d=mm&r=g\",\"caption\":\"karting\"},\"url\":\"https:\/\/kartingsalou.com\/ca\/author\/karting\/\"}]}<\/script>\n<!-- \/ Yoast SEO plugin. -->","yoast_head_json":{"title":"El Karting Salou\u00a0es renova i presenta les novetats","description":"El Karting Salou\u00a0es renova i presenta les novetats en una gran festa d'inauguraci\u00f3 de temporada que se celebrar\u00e0 el pr\u00f2xim dissabte 30 de mar\u00e7","robots":{"index":"index","follow":"follow","max-snippet":"max-snippet:-1","max-image-preview":"max-image-preview:large","max-video-preview":"max-video-preview:-1"},"canonical":"https:\/\/kartingsalou.com\/ca\/el-karting-salou-engega-motors-amb-nova-gerencia-i-una-temporada-plena-de-novetats\/","og_locale":"ca_ES","og_type":"article","og_title":"El Karting Salou\u00a0es renova i presenta les novetats","og_description":"El Karting Salou\u00a0es renova i presenta les novetats en una gran festa d'inauguraci\u00f3 de temporada que se celebrar\u00e0 el pr\u00f2xim dissabte 30 de mar\u00e7","og_url":"https:\/\/kartingsalou.com\/ca\/el-karting-salou-engega-motors-amb-nova-gerencia-i-una-temporada-plena-de-novetats\/","og_site_name":"Karting Salou | Karting en Tarragona | Cumplea\u00f1os, Eventos\u200e y mucho m\u00e1s!","article_publisher":"https:\/\/www.facebook.com\/kartingsalou\/","article_published_time":"2019-03-12T10:00:44+00:00","article_modified_time":"2023-10-16T10:03:18+00:00","og_image":[{"width":760,"height":400,"url":"https:\/\/kartingsalou.com\/wp-content\/uploads\/2019\/03\/el-karting-salou-renova-la-seva-imatge-corporativa.png","type":"image\/png"}],"author":"karting","twitter_misc":{"Escrit per":"karting","Temps estimat de lectura":"2 minuts"},"schema":{"@context":"https:\/\/schema.org","@graph":[{"@type":"Article","@id":"https:\/\/kartingsalou.com\/ca\/el-karting-salou-engega-motors-amb-nova-gerencia-i-una-temporada-plena-de-novetats\/#article","isPartOf":{"@id":"https:\/\/kartingsalou.com\/ca\/el-karting-salou-engega-motors-amb-nova-gerencia-i-una-temporada-plena-de-novetats\/"},"author":{"name":"karting","@id":"https:\/\/kartingsalou.com\/#\/schema\/person\/d1c6ff940a6b2bd1be0553449abe1856"},"headline":"El Karting Salou engega motors amb nova ger\u00e8ncia i una temporada plena de novetats","datePublished":"2019-03-12T10:00:44+00:00","dateModified":"2023-10-16T10:03:18+00:00","mainEntityOfPage":{"@id":"https:\/\/kartingsalou.com\/ca\/el-karting-salou-engega-motors-amb-nova-gerencia-i-una-temporada-plena-de-novetats\/"},"wordCount":410,"publisher":{"@id":"https:\/\/kartingsalou.com\/#organization"},"image":{"@id":"https:\/\/kartingsalou.com\/ca\/el-karting-salou-engega-motors-amb-nova-gerencia-i-una-temporada-plena-de-novetats\/#primaryimage"},"thumbnailUrl":"https:\/\/kartingsalou.com\/wp-content\/uploads\/2019\/03\/el-karting-salou-renova-la-seva-imatge-corporativa.png","articleSection":["NOTICIES"],"inLanguage":"ca"},{"@type":"WebPage","@id":"https:\/\/kartingsalou.com\/ca\/el-karting-salou-engega-motors-amb-nova-gerencia-i-una-temporada-plena-de-novetats\/","url":"https:\/\/kartingsalou.com\/ca\/el-karting-salou-engega-motors-amb-nova-gerencia-i-una-temporada-plena-de-novetats\/","name":"El Karting Salou\u00a0es renova i presenta les novetats","isPartOf":{"@id":"https:\/\/kartingsalou.com\/#website"},"primaryImageOfPage":{"@id":"https:\/\/kartingsalou.com\/ca\/el-karting-salou-engega-motors-amb-nova-gerencia-i-una-temporada-plena-de-novetats\/#primaryimage"},"image":{"@id":"https:\/\/kartingsalou.com\/ca\/el-karting-salou-engega-motors-amb-nova-gerencia-i-una-temporada-plena-de-novetats\/#primaryimage"},"thumbnailUrl":"https:\/\/kartingsalou.com\/wp-content\/uploads\/2019\/03\/el-karting-salou-renova-la-seva-imatge-corporativa.png","datePublished":"2019-03-12T10:00:44+00:00","dateModified":"2023-10-16T10:03:18+00:00","description":"El Karting Salou\u00a0es renova i presenta les novetats en una gran festa d'inauguraci\u00f3 de temporada que se celebrar\u00e0 el pr\u00f2xim dissabte 30 de mar\u00e7","breadcrumb":{"@id":"https:\/\/kartingsalou.com\/ca\/el-karting-salou-engega-motors-amb-nova-gerencia-i-una-temporada-plena-de-novetats\/#breadcrumb"},"inLanguage":"ca","potentialAction":[{"@type":"ReadAction","target":["https:\/\/kartingsalou.com\/ca\/el-karting-salou-engega-motors-amb-nova-gerencia-i-una-temporada-plena-de-novetats\/"]}]},{"@type":"ImageObject","inLanguage":"ca","@id":"https:\/\/kartingsalou.com\/ca\/el-karting-salou-engega-motors-amb-nova-gerencia-i-una-temporada-plena-de-novetats\/#primaryimage","url":"https:\/\/kartingsalou.com\/wp-content\/uploads\/2019\/03\/el-karting-salou-renova-la-seva-imatge-corporativa.png","contentUrl":"https:\/\/kartingsalou.com\/wp-content\/uploads\/2019\/03\/el-karting-salou-renova-la-seva-imatge-corporativa.png","width":760,"height":400},{"@type":"BreadcrumbList","@id":"https:\/\/kartingsalou.com\/ca\/el-karting-salou-engega-motors-amb-nova-gerencia-i-una-temporada-plena-de-novetats\/#breadcrumb","itemListElement":[{"@type":"ListItem","position":1,"name":"Portada","item":"https:\/\/kartingsalou.com\/"},{"@type":"ListItem","position":2,"name":"El Karting Salou engega motors amb nova ger\u00e8ncia i una temporada plena de novetats"}]},{"@type":"WebSite","@id":"https:\/\/kartingsalou.com\/#website","url":"https:\/\/kartingsalou.com\/","name":"Karting Salou | Karting en Tarragona | Cumplea\u00f1os, Eventos\u200e y mucho m\u00e1s!","description":"Uno de los Mejores Circuitos de Karting de Europa. Eventos, Cumplea\u00f1os. Eventos Para Empresas, \u00a1Ven a Disfrutar! Parking Gratuito. Para Todos los P\u00fablicos. Celebraciones de Eventos. Bus Gratis.","publisher":{"@id":"https:\/\/kartingsalou.com\/#organization"},"alternateName":"Karts Salou","potentialAction":[{"@type":"SearchAction","target":{"@type":"EntryPoint","urlTemplate":"https:\/\/kartingsalou.com\/?s={search_term_string}"},"query-input":{"@type":"PropertyValueSpecification","valueRequired":true,"valueName":"search_term_string"}}],"inLanguage":"ca"},{"@type":"Organization","@id":"https:\/\/kartingsalou.com\/#organization","name":"Karting Salou | Karting en Tarragona | Cumplea\u00f1os, Eventos\u200e y mucho m\u00e1s!","url":"https:\/\/kartingsalou.com\/","logo":{"@type":"ImageObject","inLanguage":"ca","@id":"https:\/\/kartingsalou.com\/#\/schema\/logo\/image\/","url":"https:\/\/kartingsalou.com\/wp-content\/uploads\/2024\/06\/Logo.jpg","contentUrl":"https:\/\/kartingsalou.com\/wp-content\/uploads\/2024\/06\/Logo.jpg","width":1032,"height":415,"caption":"Karting Salou | Karting en Tarragona | Cumplea\u00f1os, Eventos\u200e y mucho m\u00e1s!"},"image":{"@id":"https:\/\/kartingsalou.com\/#\/schema\/logo\/image\/"},"sameAs":["https:\/\/www.facebook.com\/kartingsalou\/","https:\/\/x.com\/saloukarting","https:\/\/www.instagram.com\/kartingsalou\/?hl=es"]},{"@type":"Person","@id":"https:\/\/kartingsalou.com\/#\/schema\/person\/d1c6ff940a6b2bd1be0553449abe1856","name":"karting","image":{"@type":"ImageObject","inLanguage":"ca","@id":"https:\/\/kartingsalou.com\/#\/schema\/person\/image\/","url":"https:\/\/secure.gravatar.com\/avatar\/124ecf6469f0e1bdbc3c01d5f782380b23f30ecaec6cfd5e56c8af13c54dfe25?s=96&d=mm&r=g","contentUrl":"https:\/\/secure.gravatar.com\/avatar\/124ecf6469f0e1bdbc3c01d5f782380b23f30ecaec6cfd5e56c8af13c54dfe25?s=96&d=mm&r=g","caption":"karting"},"url":"https:\/\/kartingsalou.com\/ca\/author\/karting\/"}]}},"_links":{"self":[{"href":"https:\/\/kartingsalou.com\/ca\/wp-json\/wp\/v2\/posts\/820","targetHints":{"allow":["GET"]}}],"collection":[{"href":"https:\/\/kartingsalou.com\/ca\/wp-json\/wp\/v2\/posts"}],"about":[{"href":"https:\/\/kartingsalou.com\/ca\/wp-json\/wp\/v2\/types\/post"}],"author":[{"embeddable":true,"href":"https:\/\/kartingsalou.com\/ca\/wp-json\/wp\/v2\/users\/1"}],"replies":[{"embeddable":true,"href":"https:\/\/kartingsalou.com\/ca\/wp-json\/wp\/v2\/comments?post=820"}],"version-history":[{"count":2,"href":"https:\/\/kartingsalou.com\/ca\/wp-json\/wp\/v2\/posts\/820\/revisions"}],"predecessor-version":[{"id":5939,"href":"https:\/\/kartingsalou.com\/ca\/wp-json\/wp\/v2\/posts\/820\/revisions\/5939"}],"wp:featuredmedia":[{"embeddable":true,"href":"https:\/\/kartingsalou.com\/ca\/wp-json\/wp\/v2\/media\/5942"}],"wp:attachment":[{"href":"https:\/\/kartingsalou.com\/ca\/wp-json\/wp\/v2\/media?parent=820"}],"wp:term":[{"taxonomy":"category","embeddable":true,"href":"https:\/\/kartingsalou.com\/ca\/wp-json\/wp\/v2\/categories?post=820"},{"taxonomy":"post_tag","embeddable":true,"href":"https:\/\/kartingsalou.com\/ca\/wp-json\/wp\/v2\/tags?post=820"}],"curies":[{"name":"wp","href":"https:\/\/api.w.org\/{rel}","templated":true}]}}