{"id":7470,"date":"2025-01-10T13:41:50","date_gmt":"2025-01-10T11:41:50","guid":{"rendered":"https:\/\/kartingsalou.com\/abriremos-de-nuevo-el-13-de-febrero\/"},"modified":"2025-01-10T13:45:17","modified_gmt":"2025-01-10T11:45:17","slug":"obrirem-de-nou-el-13-de-febrer","status":"publish","type":"post","link":"https:\/\/kartingsalou.com\/ca\/obrirem-de-nou-el-13-de-febrer\/","title":{"rendered":"Obrirem de nou el 13 de febrer!"},"content":{"rendered":"<p>A <a href=\"https:\/\/kartingsalou.com\/ca\/\">Karting Salou<\/a> hem fet una pausa breu, per\u00f2 tenim una gran not\u00edcia: tornarem a obrir les nostres portes a partir del pr\u00f2xim 13 de febrer. Esperem donar-vos de nou la benvinguda perqu\u00e8 pugueu gaudir de l\u2019experi\u00e8ncia \u00fanica que ofereix el nostre circuit.<\/p>\n<p>&nbsp;<\/p>\n<p>Per ajudar-vos a planificar la vostra visita i aprofitar al m\u00e0xim el temps a Karting Salou, us informem dels nostres horaris d\u2019obertura:<\/p>\n<p>&nbsp;<\/p>\n<ul>\n<li>Dijous i divendres: d\u201911:00 a 20:00 h.<\/li>\n<li>Dissabte: de 10:00 a 21:00 h.<\/li>\n<li>Diumenge: de 10:00 a 20:00 h.<\/li>\n<\/ul>\n<p>&nbsp;<\/p>\n<p>Aquest horari us permetr\u00e0 gaudir de dies plens de diversi\u00f3 i emocions. La nostra pista est\u00e0 a punt perqu\u00e8 pugueu posar a prova les vostres habilitats al volant i viure experi\u00e8ncies inoblidables amb els vostres amics i familiars.<\/p>\n<p>&nbsp;<\/p>\n<p>A Karting Salou sempre ens esforcem per oferir-vos el millor servei i garantir la seguretat a la pista. Per aquest motiu, durant aquest per\u00edode de descans hem aprofitat per revisar les nostres instal\u00b7lacions i karts, i mantenir-los en perfectes condicions per a la vostra pr\u00f2xima visita.<\/p>\n<p>&nbsp;<\/p>\n<p>Si encara no heu visitat la nostra pista, aquesta \u00e9s l\u2019ocasi\u00f3 perfecta per descobrir un espai pensat per als amants del karting. Comptem amb karts moderns i una pista que garanteix emocions en cada revolt. Tant si sou principiants com si teniu experi\u00e8ncia, gaudireu al m\u00e0xim de la competici\u00f3.<\/p>\n<p>&nbsp;<\/p>\n<p>Us animem a seguir-nos a les nostres xarxes socials per estar al dia de totes les nostres novetats i promocions especials. No oblideu que Karting Salou \u00e9s el lloc ideal per organitzar esdeveniments i competicions, tant amb amics, familiars com amb companys de feina. La diversi\u00f3 est\u00e0 garantida!<\/p>\n<p>&nbsp;<\/p>\n<p>Marqueu al vostre calendari el dia 13 de febrer i veniu preparats per viure l\u2019acci\u00f3 a la pista. Us esperem a Karting Salou amb tota l\u2019energia i moltes ganes de tornar a sentir la velocitat!<\/p>\n<p>&nbsp;<\/p>\n<p>Ens veiem al febrer!<\/p>\n","protected":false},"excerpt":{"rendered":"<p>A Karting Salou hem fet una pausa breu, per\u00f2 tenim una gran not\u00edcia: tornarem a obrir les nostres portes a partir del pr\u00f2xim 13 de febrer. Esperem donar-vos de nou la benvinguda perqu\u00e8 pugueu gaudir de l\u2019experi\u00e8ncia \u00fanica que ofereix el nostre circuit. &nbsp; Per ajudar-vos a planificar la vostra visita i aprofitar al m\u00e0xim [&hellip;]<\/p>\n","protected":false},"author":1,"featured_media":7466,"comment_status":"closed","ping_status":"closed","sticky":false,"template":"","format":"standard","meta":{"_et_pb_use_builder":"","_et_pb_old_content":"","_et_gb_content_width":"","footnotes":""},"categories":[10],"tags":[],"class_list":["post-7470","post","type-post","status-publish","format-standard","has-post-thumbnail","hentry","category-noticies"],"yoast_head":"<!-- This site is optimized with the Yoast SEO plugin v27.1.1 - https:\/\/yoast.com\/product\/yoast-seo-wordpress\/ -->\n<title>Obrirem de nou el 13 de febrer! - Karting Salou | Karting en Tarragona | Cumplea\u00f1os, Eventos\u200e y mucho m\u00e1s!<\/title>\n<meta name=\"description\" content=\"Obrirem de nou Karting Salou el 13 de febrer. Gaudeix de la velocitat, l\u2019emoci\u00f3 i la diversi\u00f3 al nostre circuit. T\u2019hi esperem!\" \/>\n<meta name=\"robots\" content=\"index, follow, max-snippet:-1, max-image-preview:large, max-video-preview:-1\" \/>\n<link rel=\"canonical\" href=\"https:\/\/kartingsalou.com\/ca\/obrirem-de-nou-el-13-de-febrer\/\" \/>\n<meta property=\"og:locale\" content=\"ca_ES\" \/>\n<meta property=\"og:type\" content=\"article\" \/>\n<meta property=\"og:title\" content=\"Obrirem de nou el 13 de febrer! - Karting Salou | Karting en Tarragona | Cumplea\u00f1os, Eventos\u200e y mucho m\u00e1s!\" \/>\n<meta property=\"og:description\" content=\"Obrirem de nou Karting Salou el 13 de febrer. Gaudeix de la velocitat, l\u2019emoci\u00f3 i la diversi\u00f3 al nostre circuit. T\u2019hi esperem!\" \/>\n<meta property=\"og:url\" content=\"https:\/\/kartingsalou.com\/ca\/obrirem-de-nou-el-13-de-febrer\/\" \/>\n<meta property=\"og:site_name\" content=\"Karting Salou | Karting en Tarragona | Cumplea\u00f1os, Eventos\u200e y mucho m\u00e1s!\" \/>\n<meta property=\"article:publisher\" content=\"https:\/\/www.facebook.com\/kartingsalou\/\" \/>\n<meta property=\"article:published_time\" content=\"2025-01-10T11:41:50+00:00\" \/>\n<meta property=\"article:modified_time\" content=\"2025-01-10T11:45:17+00:00\" \/>\n<meta property=\"og:image\" content=\"https:\/\/kartingsalou.com\/wp-content\/uploads\/2025\/01\/IMG_2642.jpeg\" \/>\n\t<meta property=\"og:image:width\" content=\"1200\" \/>\n\t<meta property=\"og:image:height\" content=\"802\" \/>\n\t<meta property=\"og:image:type\" content=\"image\/jpeg\" \/>\n<meta name=\"author\" content=\"karting\" \/>\n<meta name=\"twitter:label1\" content=\"Escrit per\" \/>\n\t<meta name=\"twitter:data1\" content=\"karting\" \/>\n\t<meta name=\"twitter:label2\" content=\"Temps estimat de lectura\" \/>\n\t<meta name=\"twitter:data2\" content=\"2 minuts\" \/>\n<script type=\"application\/ld+json\" class=\"yoast-schema-graph\">{\"@context\":\"https:\/\/schema.org\",\"@graph\":[{\"@type\":\"Article\",\"@id\":\"https:\/\/kartingsalou.com\/ca\/obrirem-de-nou-el-13-de-febrer\/#article\",\"isPartOf\":{\"@id\":\"https:\/\/kartingsalou.com\/ca\/obrirem-de-nou-el-13-de-febrer\/\"},\"author\":{\"name\":\"karting\",\"@id\":\"https:\/\/kartingsalou.com\/#\/schema\/person\/d1c6ff940a6b2bd1be0553449abe1856\"},\"headline\":\"Obrirem de nou el 13 de febrer!\",\"datePublished\":\"2025-01-10T11:41:50+00:00\",\"dateModified\":\"2025-01-10T11:45:17+00:00\",\"mainEntityOfPage\":{\"@id\":\"https:\/\/kartingsalou.com\/ca\/obrirem-de-nou-el-13-de-febrer\/\"},\"wordCount\":326,\"publisher\":{\"@id\":\"https:\/\/kartingsalou.com\/#organization\"},\"image\":{\"@id\":\"https:\/\/kartingsalou.com\/ca\/obrirem-de-nou-el-13-de-febrer\/#primaryimage\"},\"thumbnailUrl\":\"https:\/\/kartingsalou.com\/wp-content\/uploads\/2025\/01\/IMG_2642.jpeg\",\"articleSection\":[\"NOTICIES\"],\"inLanguage\":\"ca\"},{\"@type\":\"WebPage\",\"@id\":\"https:\/\/kartingsalou.com\/ca\/obrirem-de-nou-el-13-de-febrer\/\",\"url\":\"https:\/\/kartingsalou.com\/ca\/obrirem-de-nou-el-13-de-febrer\/\",\"name\":\"Obrirem de nou el 13 de febrer! - Karting Salou | Karting en Tarragona | Cumplea\u00f1os, Eventos\u200e y mucho m\u00e1s!\",\"isPartOf\":{\"@id\":\"https:\/\/kartingsalou.com\/#website\"},\"primaryImageOfPage\":{\"@id\":\"https:\/\/kartingsalou.com\/ca\/obrirem-de-nou-el-13-de-febrer\/#primaryimage\"},\"image\":{\"@id\":\"https:\/\/kartingsalou.com\/ca\/obrirem-de-nou-el-13-de-febrer\/#primaryimage\"},\"thumbnailUrl\":\"https:\/\/kartingsalou.com\/wp-content\/uploads\/2025\/01\/IMG_2642.jpeg\",\"datePublished\":\"2025-01-10T11:41:50+00:00\",\"dateModified\":\"2025-01-10T11:45:17+00:00\",\"description\":\"Obrirem de nou Karting Salou el 13 de febrer. Gaudeix de la velocitat, l\u2019emoci\u00f3 i la diversi\u00f3 al nostre circuit. T\u2019hi esperem!\",\"breadcrumb\":{\"@id\":\"https:\/\/kartingsalou.com\/ca\/obrirem-de-nou-el-13-de-febrer\/#breadcrumb\"},\"inLanguage\":\"ca\",\"potentialAction\":[{\"@type\":\"ReadAction\",\"target\":[\"https:\/\/kartingsalou.com\/ca\/obrirem-de-nou-el-13-de-febrer\/\"]}]},{\"@type\":\"ImageObject\",\"inLanguage\":\"ca\",\"@id\":\"https:\/\/kartingsalou.com\/ca\/obrirem-de-nou-el-13-de-febrer\/#primaryimage\",\"url\":\"https:\/\/kartingsalou.com\/wp-content\/uploads\/2025\/01\/IMG_2642.jpeg\",\"contentUrl\":\"https:\/\/kartingsalou.com\/wp-content\/uploads\/2025\/01\/IMG_2642.jpeg\",\"width\":1200,\"height\":802,\"caption\":\"obrirem\"},{\"@type\":\"BreadcrumbList\",\"@id\":\"https:\/\/kartingsalou.com\/ca\/obrirem-de-nou-el-13-de-febrer\/#breadcrumb\",\"itemListElement\":[{\"@type\":\"ListItem\",\"position\":1,\"name\":\"Portada\",\"item\":\"https:\/\/kartingsalou.com\/\"},{\"@type\":\"ListItem\",\"position\":2,\"name\":\"Obrirem de nou el 13 de febrer!\"}]},{\"@type\":\"WebSite\",\"@id\":\"https:\/\/kartingsalou.com\/#website\",\"url\":\"https:\/\/kartingsalou.com\/\",\"name\":\"Karting Salou | Karting en Tarragona | Cumplea\u00f1os, Eventos\u200e y mucho m\u00e1s!\",\"description\":\"Uno de los Mejores Circuitos de Karting de Europa. Eventos, Cumplea\u00f1os. Eventos Para Empresas, \u00a1Ven a Disfrutar! Parking Gratuito. Para Todos los P\u00fablicos. Celebraciones de Eventos. Bus Gratis.\",\"publisher\":{\"@id\":\"https:\/\/kartingsalou.com\/#organization\"},\"alternateName\":\"Karts Salou\",\"potentialAction\":[{\"@type\":\"SearchAction\",\"target\":{\"@type\":\"EntryPoint\",\"urlTemplate\":\"https:\/\/kartingsalou.com\/?s={search_term_string}\"},\"query-input\":{\"@type\":\"PropertyValueSpecification\",\"valueRequired\":true,\"valueName\":\"search_term_string\"}}],\"inLanguage\":\"ca\"},{\"@type\":\"Organization\",\"@id\":\"https:\/\/kartingsalou.com\/#organization\",\"name\":\"Karting Salou | Karting en Tarragona | Cumplea\u00f1os, Eventos\u200e y mucho m\u00e1s!\",\"url\":\"https:\/\/kartingsalou.com\/\",\"logo\":{\"@type\":\"ImageObject\",\"inLanguage\":\"ca\",\"@id\":\"https:\/\/kartingsalou.com\/#\/schema\/logo\/image\/\",\"url\":\"https:\/\/kartingsalou.com\/wp-content\/uploads\/2024\/06\/Logo.jpg\",\"contentUrl\":\"https:\/\/kartingsalou.com\/wp-content\/uploads\/2024\/06\/Logo.jpg\",\"width\":1032,\"height\":415,\"caption\":\"Karting Salou | Karting en Tarragona | Cumplea\u00f1os, Eventos\u200e y mucho m\u00e1s!\"},\"image\":{\"@id\":\"https:\/\/kartingsalou.com\/#\/schema\/logo\/image\/\"},\"sameAs\":[\"https:\/\/www.facebook.com\/kartingsalou\/\",\"https:\/\/x.com\/saloukarting\",\"https:\/\/www.instagram.com\/kartingsalou\/?hl=es\"]},{\"@type\":\"Person\",\"@id\":\"https:\/\/kartingsalou.com\/#\/schema\/person\/d1c6ff940a6b2bd1be0553449abe1856\",\"name\":\"karting\",\"image\":{\"@type\":\"ImageObject\",\"inLanguage\":\"ca\",\"@id\":\"https:\/\/kartingsalou.com\/#\/schema\/person\/image\/\",\"url\":\"https:\/\/secure.gravatar.com\/avatar\/124ecf6469f0e1bdbc3c01d5f782380b23f30ecaec6cfd5e56c8af13c54dfe25?s=96&d=mm&r=g\",\"contentUrl\":\"https:\/\/secure.gravatar.com\/avatar\/124ecf6469f0e1bdbc3c01d5f782380b23f30ecaec6cfd5e56c8af13c54dfe25?s=96&d=mm&r=g\",\"caption\":\"karting\"},\"url\":\"https:\/\/kartingsalou.com\/ca\/author\/karting\/\"}]}<\/script>\n<!-- \/ Yoast SEO plugin. -->","yoast_head_json":{"title":"Obrirem de nou el 13 de febrer! - Karting Salou | Karting en Tarragona | Cumplea\u00f1os, Eventos\u200e y mucho m\u00e1s!","description":"Obrirem de nou Karting Salou el 13 de febrer. Gaudeix de la velocitat, l\u2019emoci\u00f3 i la diversi\u00f3 al nostre circuit. T\u2019hi esperem!","robots":{"index":"index","follow":"follow","max-snippet":"max-snippet:-1","max-image-preview":"max-image-preview:large","max-video-preview":"max-video-preview:-1"},"canonical":"https:\/\/kartingsalou.com\/ca\/obrirem-de-nou-el-13-de-febrer\/","og_locale":"ca_ES","og_type":"article","og_title":"Obrirem de nou el 13 de febrer! - Karting Salou | Karting en Tarragona | Cumplea\u00f1os, Eventos\u200e y mucho m\u00e1s!","og_description":"Obrirem de nou Karting Salou el 13 de febrer. Gaudeix de la velocitat, l\u2019emoci\u00f3 i la diversi\u00f3 al nostre circuit. T\u2019hi esperem!","og_url":"https:\/\/kartingsalou.com\/ca\/obrirem-de-nou-el-13-de-febrer\/","og_site_name":"Karting Salou | Karting en Tarragona | Cumplea\u00f1os, Eventos\u200e y mucho m\u00e1s!","article_publisher":"https:\/\/www.facebook.com\/kartingsalou\/","article_published_time":"2025-01-10T11:41:50+00:00","article_modified_time":"2025-01-10T11:45:17+00:00","og_image":[{"width":1200,"height":802,"url":"https:\/\/kartingsalou.com\/wp-content\/uploads\/2025\/01\/IMG_2642.jpeg","type":"image\/jpeg"}],"author":"karting","twitter_misc":{"Escrit per":"karting","Temps estimat de lectura":"2 minuts"},"schema":{"@context":"https:\/\/schema.org","@graph":[{"@type":"Article","@id":"https:\/\/kartingsalou.com\/ca\/obrirem-de-nou-el-13-de-febrer\/#article","isPartOf":{"@id":"https:\/\/kartingsalou.com\/ca\/obrirem-de-nou-el-13-de-febrer\/"},"author":{"name":"karting","@id":"https:\/\/kartingsalou.com\/#\/schema\/person\/d1c6ff940a6b2bd1be0553449abe1856"},"headline":"Obrirem de nou el 13 de febrer!","datePublished":"2025-01-10T11:41:50+00:00","dateModified":"2025-01-10T11:45:17+00:00","mainEntityOfPage":{"@id":"https:\/\/kartingsalou.com\/ca\/obrirem-de-nou-el-13-de-febrer\/"},"wordCount":326,"publisher":{"@id":"https:\/\/kartingsalou.com\/#organization"},"image":{"@id":"https:\/\/kartingsalou.com\/ca\/obrirem-de-nou-el-13-de-febrer\/#primaryimage"},"thumbnailUrl":"https:\/\/kartingsalou.com\/wp-content\/uploads\/2025\/01\/IMG_2642.jpeg","articleSection":["NOTICIES"],"inLanguage":"ca"},{"@type":"WebPage","@id":"https:\/\/kartingsalou.com\/ca\/obrirem-de-nou-el-13-de-febrer\/","url":"https:\/\/kartingsalou.com\/ca\/obrirem-de-nou-el-13-de-febrer\/","name":"Obrirem de nou el 13 de febrer! - Karting Salou | Karting en Tarragona | Cumplea\u00f1os, Eventos\u200e y mucho m\u00e1s!","isPartOf":{"@id":"https:\/\/kartingsalou.com\/#website"},"primaryImageOfPage":{"@id":"https:\/\/kartingsalou.com\/ca\/obrirem-de-nou-el-13-de-febrer\/#primaryimage"},"image":{"@id":"https:\/\/kartingsalou.com\/ca\/obrirem-de-nou-el-13-de-febrer\/#primaryimage"},"thumbnailUrl":"https:\/\/kartingsalou.com\/wp-content\/uploads\/2025\/01\/IMG_2642.jpeg","datePublished":"2025-01-10T11:41:50+00:00","dateModified":"2025-01-10T11:45:17+00:00","description":"Obrirem de nou Karting Salou el 13 de febrer. Gaudeix de la velocitat, l\u2019emoci\u00f3 i la diversi\u00f3 al nostre circuit. T\u2019hi esperem!","breadcrumb":{"@id":"https:\/\/kartingsalou.com\/ca\/obrirem-de-nou-el-13-de-febrer\/#breadcrumb"},"inLanguage":"ca","potentialAction":[{"@type":"ReadAction","target":["https:\/\/kartingsalou.com\/ca\/obrirem-de-nou-el-13-de-febrer\/"]}]},{"@type":"ImageObject","inLanguage":"ca","@id":"https:\/\/kartingsalou.com\/ca\/obrirem-de-nou-el-13-de-febrer\/#primaryimage","url":"https:\/\/kartingsalou.com\/wp-content\/uploads\/2025\/01\/IMG_2642.jpeg","contentUrl":"https:\/\/kartingsalou.com\/wp-content\/uploads\/2025\/01\/IMG_2642.jpeg","width":1200,"height":802,"caption":"obrirem"},{"@type":"BreadcrumbList","@id":"https:\/\/kartingsalou.com\/ca\/obrirem-de-nou-el-13-de-febrer\/#breadcrumb","itemListElement":[{"@type":"ListItem","position":1,"name":"Portada","item":"https:\/\/kartingsalou.com\/"},{"@type":"ListItem","position":2,"name":"Obrirem de nou el 13 de febrer!"}]},{"@type":"WebSite","@id":"https:\/\/kartingsalou.com\/#website","url":"https:\/\/kartingsalou.com\/","name":"Karting Salou | Karting en Tarragona | Cumplea\u00f1os, Eventos\u200e y mucho m\u00e1s!","description":"Uno de los Mejores Circuitos de Karting de Europa. Eventos, Cumplea\u00f1os. Eventos Para Empresas, \u00a1Ven a Disfrutar! Parking Gratuito. Para Todos los P\u00fablicos. Celebraciones de Eventos. Bus Gratis.","publisher":{"@id":"https:\/\/kartingsalou.com\/#organization"},"alternateName":"Karts Salou","potentialAction":[{"@type":"SearchAction","target":{"@type":"EntryPoint","urlTemplate":"https:\/\/kartingsalou.com\/?s={search_term_string}"},"query-input":{"@type":"PropertyValueSpecification","valueRequired":true,"valueName":"search_term_string"}}],"inLanguage":"ca"},{"@type":"Organization","@id":"https:\/\/kartingsalou.com\/#organization","name":"Karting Salou | Karting en Tarragona | Cumplea\u00f1os, Eventos\u200e y mucho m\u00e1s!","url":"https:\/\/kartingsalou.com\/","logo":{"@type":"ImageObject","inLanguage":"ca","@id":"https:\/\/kartingsalou.com\/#\/schema\/logo\/image\/","url":"https:\/\/kartingsalou.com\/wp-content\/uploads\/2024\/06\/Logo.jpg","contentUrl":"https:\/\/kartingsalou.com\/wp-content\/uploads\/2024\/06\/Logo.jpg","width":1032,"height":415,"caption":"Karting Salou | Karting en Tarragona | Cumplea\u00f1os, Eventos\u200e y mucho m\u00e1s!"},"image":{"@id":"https:\/\/kartingsalou.com\/#\/schema\/logo\/image\/"},"sameAs":["https:\/\/www.facebook.com\/kartingsalou\/","https:\/\/x.com\/saloukarting","https:\/\/www.instagram.com\/kartingsalou\/?hl=es"]},{"@type":"Person","@id":"https:\/\/kartingsalou.com\/#\/schema\/person\/d1c6ff940a6b2bd1be0553449abe1856","name":"karting","image":{"@type":"ImageObject","inLanguage":"ca","@id":"https:\/\/kartingsalou.com\/#\/schema\/person\/image\/","url":"https:\/\/secure.gravatar.com\/avatar\/124ecf6469f0e1bdbc3c01d5f782380b23f30ecaec6cfd5e56c8af13c54dfe25?s=96&d=mm&r=g","contentUrl":"https:\/\/secure.gravatar.com\/avatar\/124ecf6469f0e1bdbc3c01d5f782380b23f30ecaec6cfd5e56c8af13c54dfe25?s=96&d=mm&r=g","caption":"karting"},"url":"https:\/\/kartingsalou.com\/ca\/author\/karting\/"}]}},"_links":{"self":[{"href":"https:\/\/kartingsalou.com\/ca\/wp-json\/wp\/v2\/posts\/7470","targetHints":{"allow":["GET"]}}],"collection":[{"href":"https:\/\/kartingsalou.com\/ca\/wp-json\/wp\/v2\/posts"}],"about":[{"href":"https:\/\/kartingsalou.com\/ca\/wp-json\/wp\/v2\/types\/post"}],"author":[{"embeddable":true,"href":"https:\/\/kartingsalou.com\/ca\/wp-json\/wp\/v2\/users\/1"}],"replies":[{"embeddable":true,"href":"https:\/\/kartingsalou.com\/ca\/wp-json\/wp\/v2\/comments?post=7470"}],"version-history":[{"count":2,"href":"https:\/\/kartingsalou.com\/ca\/wp-json\/wp\/v2\/posts\/7470\/revisions"}],"predecessor-version":[{"id":7472,"href":"https:\/\/kartingsalou.com\/ca\/wp-json\/wp\/v2\/posts\/7470\/revisions\/7472"}],"wp:featuredmedia":[{"embeddable":true,"href":"https:\/\/kartingsalou.com\/ca\/wp-json\/wp\/v2\/media\/7466"}],"wp:attachment":[{"href":"https:\/\/kartingsalou.com\/ca\/wp-json\/wp\/v2\/media?parent=7470"}],"wp:term":[{"taxonomy":"category","embeddable":true,"href":"https:\/\/kartingsalou.com\/ca\/wp-json\/wp\/v2\/categories?post=7470"},{"taxonomy":"post_tag","embeddable":true,"href":"https:\/\/kartingsalou.com\/ca\/wp-json\/wp\/v2\/tags?post=7470"}],"curies":[{"name":"wp","href":"https:\/\/api.w.org\/{rel}","templated":true}]}}