{"id":5903,"date":"2023-08-28T13:32:47","date_gmt":"2023-08-28T11:32:47","guid":{"rendered":"https:\/\/kartingsalou.com\/?p=5903"},"modified":"2023-10-10T13:35:51","modified_gmt":"2023-10-10T11:35:51","slug":"la-benvinguda-a-un-nou-horari-2","status":"publish","type":"post","link":"https:\/\/kartingsalou.com\/ca\/la-benvinguda-a-un-nou-horari-2\/","title":{"rendered":"Canvi d&#8217;horari a Karting Salou"},"content":{"rendered":"<h4><strong>A Karting Salou, estem a punt de donar-li la benvinguda a un nou horari mentre diem adeu al c\u00e0lid estiu.<\/strong><\/h4>\n<h6>Amb el final de les vacances i l&#8217;inici del nou curs, mantindrem un horari excepcional durant el mes de setembre, i donem la benvinguda a un nou horari mentre diem adeu al c\u00e0lid estiu.<\/h6>\n<ul>\n<li><strong>Benvingut a la Nova Etapa: Per\u00edode Excepcional. <\/strong>Per tant, amb la finalitat de la temporada d&#8217;estiu, a partir del 4 de setembre, ens submergirem en un horari diferent, que mantindrem fins al 24 de setembre. Estarem oberts per a oferir-te una experi\u00e8ncia a <a href=\"https:\/\/kartingsalou.com\/ca\/\">Karting Salou<\/a> que s&#8217;adapta als teus horaris, mentre et brindem la mateixa emoci\u00f3 i adrenalina que sempre has gaudit.<\/li>\n<li><strong>Horari Excepcional: de 10:00\u202fh a 22:00\u202fh<\/strong>Aix\u00ed com, durant aquest mes, el <a href=\"https:\/\/kartingsalou.com\/wp-content\/uploads\/2023\/07\/HORARIS-A4_Mesa-de-trabajo-1-copia-3.jpg\">nostre horari<\/a> ser\u00e0 de 10:00\u202fh del mat\u00ed a 10:00 de la nit. Els nostres canvis sempre s\u00f3n adaptant-nos a tu, hem ajustat les nostres hores per a adaptar-nos als canvis en la llum del dia i les prefer\u00e8ncies dels entusiastes del Karting. Aquesta \u00e9s una oportunitat perfecta perqu\u00e8 tant els matiners, com els noct\u00e0mbuls experimentin l&#8217;emoci\u00f3 de les carreres en condicions clim\u00e0tiques m\u00e9s fresques i c\u00f2modes.<\/li>\n<li><strong>Un Adeu Temporal a l&#8217;estiu<\/strong>Amb l&#8217;estiu arribant a la seva fi, ens acomiadem temporalment de les llargues tardes i nits de calor. No obstant aix\u00f2, no et preocupis, perqu\u00e8 la nostra passi\u00f3 per la velocitat i la diversi\u00f3 continua cremant igual d&#8217;intensament. Encara que l&#8217;estiu s&#8217;esvaeix, el nostre comprom\u00eds d&#8217;oferir-te una experi\u00e8ncia en Karting Salou roman m\u00e9s forta que mai.<\/li>\n<\/ul>\n<p>Aix\u00ed que, encara que acomiadem a l&#8217;estiu ara com ara, no ens acomiadem de l&#8217;emoci\u00f3. Et convidem a unir-te a nosaltres durant el nostre horari de per\u00edode excepcional des del 4 de setembre fins al 24 de setembre, de 10.00\u202fh a 22.00\u202fh. Esperem veure&#8217;t en la pista i compartir l&#8217;emoci\u00f3 en cada corba!<\/p>\n<p>T&#8217;esperem a Karting Salou!<\/p>\n","protected":false},"excerpt":{"rendered":"<p>A Karting Salou, estem a punt de donar-li la benvinguda a un nou horari mentre diem adeu al c\u00e0lid estiu. Amb el final de les vacances i l&#8217;inici del nou curs, mantindrem un horari excepcional durant el mes de setembre, i donem la benvinguda a un nou horari mentre diem adeu al c\u00e0lid estiu. Benvingut [&hellip;]<\/p>\n","protected":false},"author":1,"featured_media":5505,"comment_status":"closed","ping_status":"closed","sticky":false,"template":"","format":"standard","meta":{"_et_pb_use_builder":"","_et_pb_old_content":"","_et_gb_content_width":"","footnotes":""},"categories":[10],"tags":[],"class_list":["post-5903","post","type-post","status-publish","format-standard","has-post-thumbnail","hentry","category-noticies"],"yoast_head":"<!-- This site is optimized with the Yoast SEO plugin v27.1.1 - https:\/\/yoast.com\/product\/yoast-seo-wordpress\/ -->\n<title>La benvinguda a un nou horari<\/title>\n<meta name=\"description\" content=\"Mantindrem un horari excepcional durant el mes de setembre, i donem la benvinguda a un nou horari mentre diem adeu al c\u00e0lid estiu.\" \/>\n<meta name=\"robots\" content=\"index, follow, max-snippet:-1, max-image-preview:large, max-video-preview:-1\" \/>\n<link rel=\"canonical\" href=\"https:\/\/kartingsalou.com\/ca\/la-benvinguda-a-un-nou-horari-2\/\" \/>\n<meta property=\"og:locale\" content=\"ca_ES\" \/>\n<meta property=\"og:type\" content=\"article\" \/>\n<meta property=\"og:title\" content=\"La benvinguda a un nou horari\" \/>\n<meta property=\"og:description\" content=\"Mantindrem un horari excepcional durant el mes de setembre, i donem la benvinguda a un nou horari mentre diem adeu al c\u00e0lid estiu.\" \/>\n<meta property=\"og:url\" content=\"https:\/\/kartingsalou.com\/ca\/la-benvinguda-a-un-nou-horari-2\/\" \/>\n<meta property=\"og:site_name\" content=\"Karting Salou | Karting en Tarragona | Cumplea\u00f1os, Eventos\u200e y mucho m\u00e1s!\" \/>\n<meta property=\"article:publisher\" content=\"https:\/\/www.facebook.com\/kartingsalou\/\" \/>\n<meta property=\"article:published_time\" content=\"2023-08-28T11:32:47+00:00\" \/>\n<meta property=\"article:modified_time\" content=\"2023-10-10T11:35:51+00:00\" \/>\n<meta property=\"og:image\" content=\"https:\/\/kartingsalou.com\/wp-content\/uploads\/2023\/08\/IMG_8089-scaled.jpg\" \/>\n\t<meta property=\"og:image:width\" content=\"2560\" \/>\n\t<meta property=\"og:image:height\" content=\"1707\" \/>\n\t<meta property=\"og:image:type\" content=\"image\/jpeg\" \/>\n<meta name=\"author\" content=\"karting\" \/>\n<meta name=\"twitter:label1\" content=\"Escrit per\" \/>\n\t<meta name=\"twitter:data1\" content=\"karting\" \/>\n\t<meta name=\"twitter:label2\" content=\"Temps estimat de lectura\" \/>\n\t<meta name=\"twitter:data2\" content=\"2 minuts\" \/>\n<script type=\"application\/ld+json\" class=\"yoast-schema-graph\">{\"@context\":\"https:\/\/schema.org\",\"@graph\":[{\"@type\":\"Article\",\"@id\":\"https:\/\/kartingsalou.com\/ca\/la-benvinguda-a-un-nou-horari-2\/#article\",\"isPartOf\":{\"@id\":\"https:\/\/kartingsalou.com\/ca\/la-benvinguda-a-un-nou-horari-2\/\"},\"author\":{\"name\":\"karting\",\"@id\":\"https:\/\/kartingsalou.com\/#\/schema\/person\/d1c6ff940a6b2bd1be0553449abe1856\"},\"headline\":\"Canvi d&#8217;horari a Karting Salou\",\"datePublished\":\"2023-08-28T11:32:47+00:00\",\"dateModified\":\"2023-10-10T11:35:51+00:00\",\"mainEntityOfPage\":{\"@id\":\"https:\/\/kartingsalou.com\/ca\/la-benvinguda-a-un-nou-horari-2\/\"},\"wordCount\":340,\"publisher\":{\"@id\":\"https:\/\/kartingsalou.com\/#organization\"},\"image\":{\"@id\":\"https:\/\/kartingsalou.com\/ca\/la-benvinguda-a-un-nou-horari-2\/#primaryimage\"},\"thumbnailUrl\":\"https:\/\/kartingsalou.com\/wp-content\/uploads\/2023\/08\/IMG_8089-scaled.jpg\",\"articleSection\":[\"NOTICIES\"],\"inLanguage\":\"ca\"},{\"@type\":\"WebPage\",\"@id\":\"https:\/\/kartingsalou.com\/ca\/la-benvinguda-a-un-nou-horari-2\/\",\"url\":\"https:\/\/kartingsalou.com\/ca\/la-benvinguda-a-un-nou-horari-2\/\",\"name\":\"La benvinguda a un nou horari\",\"isPartOf\":{\"@id\":\"https:\/\/kartingsalou.com\/#website\"},\"primaryImageOfPage\":{\"@id\":\"https:\/\/kartingsalou.com\/ca\/la-benvinguda-a-un-nou-horari-2\/#primaryimage\"},\"image\":{\"@id\":\"https:\/\/kartingsalou.com\/ca\/la-benvinguda-a-un-nou-horari-2\/#primaryimage\"},\"thumbnailUrl\":\"https:\/\/kartingsalou.com\/wp-content\/uploads\/2023\/08\/IMG_8089-scaled.jpg\",\"datePublished\":\"2023-08-28T11:32:47+00:00\",\"dateModified\":\"2023-10-10T11:35:51+00:00\",\"description\":\"Mantindrem un horari excepcional durant el mes de setembre, i donem la benvinguda a un nou horari mentre diem adeu al c\u00e0lid estiu.\",\"breadcrumb\":{\"@id\":\"https:\/\/kartingsalou.com\/ca\/la-benvinguda-a-un-nou-horari-2\/#breadcrumb\"},\"inLanguage\":\"ca\",\"potentialAction\":[{\"@type\":\"ReadAction\",\"target\":[\"https:\/\/kartingsalou.com\/ca\/la-benvinguda-a-un-nou-horari-2\/\"]}]},{\"@type\":\"ImageObject\",\"inLanguage\":\"ca\",\"@id\":\"https:\/\/kartingsalou.com\/ca\/la-benvinguda-a-un-nou-horari-2\/#primaryimage\",\"url\":\"https:\/\/kartingsalou.com\/wp-content\/uploads\/2023\/08\/IMG_8089-scaled.jpg\",\"contentUrl\":\"https:\/\/kartingsalou.com\/wp-content\/uploads\/2023\/08\/IMG_8089-scaled.jpg\",\"width\":2560,\"height\":1707},{\"@type\":\"BreadcrumbList\",\"@id\":\"https:\/\/kartingsalou.com\/ca\/la-benvinguda-a-un-nou-horari-2\/#breadcrumb\",\"itemListElement\":[{\"@type\":\"ListItem\",\"position\":1,\"name\":\"Portada\",\"item\":\"https:\/\/kartingsalou.com\/\"},{\"@type\":\"ListItem\",\"position\":2,\"name\":\"Canvi d&#8217;horari a Karting Salou\"}]},{\"@type\":\"WebSite\",\"@id\":\"https:\/\/kartingsalou.com\/#website\",\"url\":\"https:\/\/kartingsalou.com\/\",\"name\":\"Karting Salou | Karting en Tarragona | Cumplea\u00f1os, Eventos\u200e y mucho m\u00e1s!\",\"description\":\"Uno de los Mejores Circuitos de Karting de Europa. Eventos, Cumplea\u00f1os. Eventos Para Empresas, \u00a1Ven a Disfrutar! Parking Gratuito. Para Todos los P\u00fablicos. Celebraciones de Eventos. Bus Gratis.\",\"publisher\":{\"@id\":\"https:\/\/kartingsalou.com\/#organization\"},\"alternateName\":\"Karts Salou\",\"potentialAction\":[{\"@type\":\"SearchAction\",\"target\":{\"@type\":\"EntryPoint\",\"urlTemplate\":\"https:\/\/kartingsalou.com\/?s={search_term_string}\"},\"query-input\":{\"@type\":\"PropertyValueSpecification\",\"valueRequired\":true,\"valueName\":\"search_term_string\"}}],\"inLanguage\":\"ca\"},{\"@type\":\"Organization\",\"@id\":\"https:\/\/kartingsalou.com\/#organization\",\"name\":\"Karting Salou | Karting en Tarragona | Cumplea\u00f1os, Eventos\u200e y mucho m\u00e1s!\",\"url\":\"https:\/\/kartingsalou.com\/\",\"logo\":{\"@type\":\"ImageObject\",\"inLanguage\":\"ca\",\"@id\":\"https:\/\/kartingsalou.com\/#\/schema\/logo\/image\/\",\"url\":\"https:\/\/kartingsalou.com\/wp-content\/uploads\/2024\/06\/Logo.jpg\",\"contentUrl\":\"https:\/\/kartingsalou.com\/wp-content\/uploads\/2024\/06\/Logo.jpg\",\"width\":1032,\"height\":415,\"caption\":\"Karting Salou | Karting en Tarragona | Cumplea\u00f1os, Eventos\u200e y mucho m\u00e1s!\"},\"image\":{\"@id\":\"https:\/\/kartingsalou.com\/#\/schema\/logo\/image\/\"},\"sameAs\":[\"https:\/\/www.facebook.com\/kartingsalou\/\",\"https:\/\/x.com\/saloukarting\",\"https:\/\/www.instagram.com\/kartingsalou\/?hl=es\"]},{\"@type\":\"Person\",\"@id\":\"https:\/\/kartingsalou.com\/#\/schema\/person\/d1c6ff940a6b2bd1be0553449abe1856\",\"name\":\"karting\",\"image\":{\"@type\":\"ImageObject\",\"inLanguage\":\"ca\",\"@id\":\"https:\/\/kartingsalou.com\/#\/schema\/person\/image\/\",\"url\":\"https:\/\/secure.gravatar.com\/avatar\/124ecf6469f0e1bdbc3c01d5f782380b23f30ecaec6cfd5e56c8af13c54dfe25?s=96&d=mm&r=g\",\"contentUrl\":\"https:\/\/secure.gravatar.com\/avatar\/124ecf6469f0e1bdbc3c01d5f782380b23f30ecaec6cfd5e56c8af13c54dfe25?s=96&d=mm&r=g\",\"caption\":\"karting\"},\"url\":\"https:\/\/kartingsalou.com\/ca\/author\/karting\/\"}]}<\/script>\n<!-- \/ Yoast SEO plugin. -->","yoast_head_json":{"title":"La benvinguda a un nou horari","description":"Mantindrem un horari excepcional durant el mes de setembre, i donem la benvinguda a un nou horari mentre diem adeu al c\u00e0lid estiu.","robots":{"index":"index","follow":"follow","max-snippet":"max-snippet:-1","max-image-preview":"max-image-preview:large","max-video-preview":"max-video-preview:-1"},"canonical":"https:\/\/kartingsalou.com\/ca\/la-benvinguda-a-un-nou-horari-2\/","og_locale":"ca_ES","og_type":"article","og_title":"La benvinguda a un nou horari","og_description":"Mantindrem un horari excepcional durant el mes de setembre, i donem la benvinguda a un nou horari mentre diem adeu al c\u00e0lid estiu.","og_url":"https:\/\/kartingsalou.com\/ca\/la-benvinguda-a-un-nou-horari-2\/","og_site_name":"Karting Salou | Karting en Tarragona | Cumplea\u00f1os, Eventos\u200e y mucho m\u00e1s!","article_publisher":"https:\/\/www.facebook.com\/kartingsalou\/","article_published_time":"2023-08-28T11:32:47+00:00","article_modified_time":"2023-10-10T11:35:51+00:00","og_image":[{"width":2560,"height":1707,"url":"https:\/\/kartingsalou.com\/wp-content\/uploads\/2023\/08\/IMG_8089-scaled.jpg","type":"image\/jpeg"}],"author":"karting","twitter_misc":{"Escrit per":"karting","Temps estimat de lectura":"2 minuts"},"schema":{"@context":"https:\/\/schema.org","@graph":[{"@type":"Article","@id":"https:\/\/kartingsalou.com\/ca\/la-benvinguda-a-un-nou-horari-2\/#article","isPartOf":{"@id":"https:\/\/kartingsalou.com\/ca\/la-benvinguda-a-un-nou-horari-2\/"},"author":{"name":"karting","@id":"https:\/\/kartingsalou.com\/#\/schema\/person\/d1c6ff940a6b2bd1be0553449abe1856"},"headline":"Canvi d&#8217;horari a Karting Salou","datePublished":"2023-08-28T11:32:47+00:00","dateModified":"2023-10-10T11:35:51+00:00","mainEntityOfPage":{"@id":"https:\/\/kartingsalou.com\/ca\/la-benvinguda-a-un-nou-horari-2\/"},"wordCount":340,"publisher":{"@id":"https:\/\/kartingsalou.com\/#organization"},"image":{"@id":"https:\/\/kartingsalou.com\/ca\/la-benvinguda-a-un-nou-horari-2\/#primaryimage"},"thumbnailUrl":"https:\/\/kartingsalou.com\/wp-content\/uploads\/2023\/08\/IMG_8089-scaled.jpg","articleSection":["NOTICIES"],"inLanguage":"ca"},{"@type":"WebPage","@id":"https:\/\/kartingsalou.com\/ca\/la-benvinguda-a-un-nou-horari-2\/","url":"https:\/\/kartingsalou.com\/ca\/la-benvinguda-a-un-nou-horari-2\/","name":"La benvinguda a un nou horari","isPartOf":{"@id":"https:\/\/kartingsalou.com\/#website"},"primaryImageOfPage":{"@id":"https:\/\/kartingsalou.com\/ca\/la-benvinguda-a-un-nou-horari-2\/#primaryimage"},"image":{"@id":"https:\/\/kartingsalou.com\/ca\/la-benvinguda-a-un-nou-horari-2\/#primaryimage"},"thumbnailUrl":"https:\/\/kartingsalou.com\/wp-content\/uploads\/2023\/08\/IMG_8089-scaled.jpg","datePublished":"2023-08-28T11:32:47+00:00","dateModified":"2023-10-10T11:35:51+00:00","description":"Mantindrem un horari excepcional durant el mes de setembre, i donem la benvinguda a un nou horari mentre diem adeu al c\u00e0lid estiu.","breadcrumb":{"@id":"https:\/\/kartingsalou.com\/ca\/la-benvinguda-a-un-nou-horari-2\/#breadcrumb"},"inLanguage":"ca","potentialAction":[{"@type":"ReadAction","target":["https:\/\/kartingsalou.com\/ca\/la-benvinguda-a-un-nou-horari-2\/"]}]},{"@type":"ImageObject","inLanguage":"ca","@id":"https:\/\/kartingsalou.com\/ca\/la-benvinguda-a-un-nou-horari-2\/#primaryimage","url":"https:\/\/kartingsalou.com\/wp-content\/uploads\/2023\/08\/IMG_8089-scaled.jpg","contentUrl":"https:\/\/kartingsalou.com\/wp-content\/uploads\/2023\/08\/IMG_8089-scaled.jpg","width":2560,"height":1707},{"@type":"BreadcrumbList","@id":"https:\/\/kartingsalou.com\/ca\/la-benvinguda-a-un-nou-horari-2\/#breadcrumb","itemListElement":[{"@type":"ListItem","position":1,"name":"Portada","item":"https:\/\/kartingsalou.com\/"},{"@type":"ListItem","position":2,"name":"Canvi d&#8217;horari a Karting Salou"}]},{"@type":"WebSite","@id":"https:\/\/kartingsalou.com\/#website","url":"https:\/\/kartingsalou.com\/","name":"Karting Salou | Karting en Tarragona | Cumplea\u00f1os, Eventos\u200e y mucho m\u00e1s!","description":"Uno de los Mejores Circuitos de Karting de Europa. Eventos, Cumplea\u00f1os. Eventos Para Empresas, \u00a1Ven a Disfrutar! Parking Gratuito. Para Todos los P\u00fablicos. Celebraciones de Eventos. Bus Gratis.","publisher":{"@id":"https:\/\/kartingsalou.com\/#organization"},"alternateName":"Karts Salou","potentialAction":[{"@type":"SearchAction","target":{"@type":"EntryPoint","urlTemplate":"https:\/\/kartingsalou.com\/?s={search_term_string}"},"query-input":{"@type":"PropertyValueSpecification","valueRequired":true,"valueName":"search_term_string"}}],"inLanguage":"ca"},{"@type":"Organization","@id":"https:\/\/kartingsalou.com\/#organization","name":"Karting Salou | Karting en Tarragona | Cumplea\u00f1os, Eventos\u200e y mucho m\u00e1s!","url":"https:\/\/kartingsalou.com\/","logo":{"@type":"ImageObject","inLanguage":"ca","@id":"https:\/\/kartingsalou.com\/#\/schema\/logo\/image\/","url":"https:\/\/kartingsalou.com\/wp-content\/uploads\/2024\/06\/Logo.jpg","contentUrl":"https:\/\/kartingsalou.com\/wp-content\/uploads\/2024\/06\/Logo.jpg","width":1032,"height":415,"caption":"Karting Salou | Karting en Tarragona | Cumplea\u00f1os, Eventos\u200e y mucho m\u00e1s!"},"image":{"@id":"https:\/\/kartingsalou.com\/#\/schema\/logo\/image\/"},"sameAs":["https:\/\/www.facebook.com\/kartingsalou\/","https:\/\/x.com\/saloukarting","https:\/\/www.instagram.com\/kartingsalou\/?hl=es"]},{"@type":"Person","@id":"https:\/\/kartingsalou.com\/#\/schema\/person\/d1c6ff940a6b2bd1be0553449abe1856","name":"karting","image":{"@type":"ImageObject","inLanguage":"ca","@id":"https:\/\/kartingsalou.com\/#\/schema\/person\/image\/","url":"https:\/\/secure.gravatar.com\/avatar\/124ecf6469f0e1bdbc3c01d5f782380b23f30ecaec6cfd5e56c8af13c54dfe25?s=96&d=mm&r=g","contentUrl":"https:\/\/secure.gravatar.com\/avatar\/124ecf6469f0e1bdbc3c01d5f782380b23f30ecaec6cfd5e56c8af13c54dfe25?s=96&d=mm&r=g","caption":"karting"},"url":"https:\/\/kartingsalou.com\/ca\/author\/karting\/"}]}},"_links":{"self":[{"href":"https:\/\/kartingsalou.com\/ca\/wp-json\/wp\/v2\/posts\/5903","targetHints":{"allow":["GET"]}}],"collection":[{"href":"https:\/\/kartingsalou.com\/ca\/wp-json\/wp\/v2\/posts"}],"about":[{"href":"https:\/\/kartingsalou.com\/ca\/wp-json\/wp\/v2\/types\/post"}],"author":[{"embeddable":true,"href":"https:\/\/kartingsalou.com\/ca\/wp-json\/wp\/v2\/users\/1"}],"replies":[{"embeddable":true,"href":"https:\/\/kartingsalou.com\/ca\/wp-json\/wp\/v2\/comments?post=5903"}],"version-history":[{"count":1,"href":"https:\/\/kartingsalou.com\/ca\/wp-json\/wp\/v2\/posts\/5903\/revisions"}],"predecessor-version":[{"id":5904,"href":"https:\/\/kartingsalou.com\/ca\/wp-json\/wp\/v2\/posts\/5903\/revisions\/5904"}],"wp:featuredmedia":[{"embeddable":true,"href":"https:\/\/kartingsalou.com\/ca\/wp-json\/wp\/v2\/media\/5505"}],"wp:attachment":[{"href":"https:\/\/kartingsalou.com\/ca\/wp-json\/wp\/v2\/media?parent=5903"}],"wp:term":[{"taxonomy":"category","embeddable":true,"href":"https:\/\/kartingsalou.com\/ca\/wp-json\/wp\/v2\/categories?post=5903"},{"taxonomy":"post_tag","embeddable":true,"href":"https:\/\/kartingsalou.com\/ca\/wp-json\/wp\/v2\/tags?post=5903"}],"curies":[{"name":"wp","href":"https:\/\/api.w.org\/{rel}","templated":true}]}}