{"id":5893,"date":"2023-09-28T13:09:11","date_gmt":"2023-09-28T11:09:11","guid":{"rendered":"https:\/\/kartingsalou.com\/?p=5893"},"modified":"2023-10-10T13:12:02","modified_gmt":"2023-10-10T11:12:02","slug":"la-temporada-baixa-esta-de-tornada-a-karting-salou-2","status":"publish","type":"post","link":"https:\/\/kartingsalou.com\/ca\/la-temporada-baixa-esta-de-tornada-a-karting-salou-2\/","title":{"rendered":"La Temporada Baixa Est\u00e0 de tornada a Karting Salou"},"content":{"rendered":"<h4>L&#8217;estiu arriba a la seva fi, i potser et trobes pensant: &#8220;Qu\u00e8 faig ara?&#8221;. Per\u00f2 no et preocupis, perqu\u00e8 en Karting Salou, la diversi\u00f3 no es det\u00e9 amb l&#8217;arribada de la temporada baixa. T&#8217;oferim una emocionant ra\u00f3 per a acomiadar l&#8217;estiu amb estil i entrar en la tardor amb adrenalina.<\/h4>\n<h5><strong>Preus de Temporada Baixa, un 20% de Descompte per a Residents de Tarragona<\/strong><\/h5>\n<p>A <a href=\"https:\/\/kartingsalou.com\/\">Karting Salou<\/a>, creiem que l&#8217;emoci\u00f3 en la pista no hauria de dependre de l&#8217;estaci\u00f3 de l&#8217;any. Per aix\u00f2, durant la temporada baixa, t&#8217;oferim una oferta especial perqu\u00e8 puguis gaudir de la nostra pista sense preocupar-te per la teva butxaca.<\/p>\n<p>Si ets resident de la prov\u00edncia de <a href=\"https:\/\/www.tarragonaturisme.cat\/es\">Tarragona<\/a> pots obtenir un incre\u00efble 20% de descompte addicional en les teves carreres. \u00c9s la nostra manera d&#8217;agrair a la comunitat local i al mateix temps, oferir una experi\u00e8ncia inoblidable a un preu excepcional.<\/p>\n<p>&nbsp;<\/p>\n<h5><strong>Horari Flexible per a Tots els Amants de la Velocitat<\/strong><\/h5>\n<p>Tens un horari ocupat? No hi ha problema. En Karting Salou, estem oberts tots els dies de la setmana. Aix\u00f2 significa que pots planificar la teva visita en qualsevol moment que et convingui. La diversi\u00f3 i l&#8217;emoci\u00f3 t&#8217;esperen, ja sigui un dia entre setmana o durant el cap de setmana. Tu decideixes quan sents la velocitat!<\/p>\n<p>&nbsp;<\/p>\n<p>Aix\u00ed que, qu\u00e8 est\u00e0s esperant? Acomiada&#8217;t de l&#8217;estiu de la millor manera possible, accelerant en Karting Salou. No deixis que la temporada baixa et detingui! Reuneix els teus amics i familiars, gaudeix de l&#8217;emoci\u00f3 de la pista i crea records que duraran tota la vida.<\/p>\n<p>A Karting Salou, la temporada baixa es converteix en la temporada alta de la diversi\u00f3. T&#8217;esperem a la pista!<\/p>\n<p>&nbsp;<\/p>\n<h5><strong>Com Obtenir aquesta Promoci\u00f3 Especial?<\/strong><\/h5>\n<p>Per a aprofitar la nostra oferta de temporada baixa i el descompte per a residents de Tarragona, simplement dirigeix-te a les nostres taquilles. El nostre amable personal estar\u00e0 encantat d&#8217;ajudar-te a sol\u00b7licitar la promoci\u00f3 i a respondre qualsevol pregunta que puguis tenir.<\/p>\n","protected":false},"excerpt":{"rendered":"<p>L&#8217;estiu arriba a la seva fi, i potser et trobes pensant: &#8220;Qu\u00e8 faig ara?&#8221;. Per\u00f2 no et preocupis, perqu\u00e8 en Karting Salou, la diversi\u00f3 no es det\u00e9 amb l&#8217;arribada de la temporada baixa. T&#8217;oferim una emocionant ra\u00f3 per a acomiadar l&#8217;estiu amb estil i entrar en la tardor amb adrenalina. Preus de Temporada Baixa, un [&hellip;]<\/p>\n","protected":false},"author":1,"featured_media":5735,"comment_status":"closed","ping_status":"closed","sticky":false,"template":"","format":"standard","meta":{"_et_pb_use_builder":"","_et_pb_old_content":"","_et_gb_content_width":"","footnotes":""},"categories":[10],"tags":[],"class_list":["post-5893","post","type-post","status-publish","format-standard","has-post-thumbnail","hentry","category-noticies"],"yoast_head":"<!-- This site is optimized with the Yoast SEO plugin v27.1.1 - https:\/\/yoast.com\/product\/yoast-seo-wordpress\/ -->\n<title>La Temporada Baixa Est\u00e0 de tornada a Karting Salou<\/title>\n<meta name=\"description\" content=\"Durant la temporada baixa, t&#039;oferim una oferta especial perqu\u00e8 puguis gaudir de la nostra pista sense preocupar-te per la teva butxaca.\" \/>\n<meta name=\"robots\" content=\"index, follow, max-snippet:-1, max-image-preview:large, max-video-preview:-1\" \/>\n<link rel=\"canonical\" href=\"https:\/\/kartingsalou.com\/ca\/la-temporada-baixa-esta-de-tornada-a-karting-salou-2\/\" \/>\n<meta property=\"og:locale\" content=\"ca_ES\" \/>\n<meta property=\"og:type\" content=\"article\" \/>\n<meta property=\"og:title\" content=\"La Temporada Baixa Est\u00e0 de tornada a Karting Salou\" \/>\n<meta property=\"og:description\" content=\"Durant la temporada baixa, t&#039;oferim una oferta especial perqu\u00e8 puguis gaudir de la nostra pista sense preocupar-te per la teva butxaca.\" \/>\n<meta property=\"og:url\" content=\"https:\/\/kartingsalou.com\/ca\/la-temporada-baixa-esta-de-tornada-a-karting-salou-2\/\" \/>\n<meta property=\"og:site_name\" content=\"Karting Salou | Karting en Tarragona | Cumplea\u00f1os, Eventos\u200e y mucho m\u00e1s!\" \/>\n<meta property=\"article:publisher\" content=\"https:\/\/www.facebook.com\/kartingsalou\/\" \/>\n<meta property=\"article:published_time\" content=\"2023-09-28T11:09:11+00:00\" \/>\n<meta property=\"article:modified_time\" content=\"2023-10-10T11:12:02+00:00\" \/>\n<meta property=\"og:image\" content=\"https:\/\/kartingsalou.com\/wp-content\/uploads\/2023\/09\/DSC5464-scaled.jpg\" \/>\n\t<meta property=\"og:image:width\" content=\"2560\" \/>\n\t<meta property=\"og:image:height\" content=\"1710\" \/>\n\t<meta property=\"og:image:type\" content=\"image\/jpeg\" \/>\n<meta name=\"author\" content=\"karting\" \/>\n<meta name=\"twitter:label1\" content=\"Escrit per\" \/>\n\t<meta name=\"twitter:data1\" content=\"karting\" \/>\n\t<meta name=\"twitter:label2\" content=\"Temps estimat de lectura\" \/>\n\t<meta name=\"twitter:data2\" content=\"2 minuts\" \/>\n<script type=\"application\/ld+json\" class=\"yoast-schema-graph\">{\"@context\":\"https:\/\/schema.org\",\"@graph\":[{\"@type\":\"Article\",\"@id\":\"https:\/\/kartingsalou.com\/ca\/la-temporada-baixa-esta-de-tornada-a-karting-salou-2\/#article\",\"isPartOf\":{\"@id\":\"https:\/\/kartingsalou.com\/ca\/la-temporada-baixa-esta-de-tornada-a-karting-salou-2\/\"},\"author\":{\"name\":\"karting\",\"@id\":\"https:\/\/kartingsalou.com\/#\/schema\/person\/d1c6ff940a6b2bd1be0553449abe1856\"},\"headline\":\"La Temporada Baixa Est\u00e0 de tornada a Karting Salou\",\"datePublished\":\"2023-09-28T11:09:11+00:00\",\"dateModified\":\"2023-10-10T11:12:02+00:00\",\"mainEntityOfPage\":{\"@id\":\"https:\/\/kartingsalou.com\/ca\/la-temporada-baixa-esta-de-tornada-a-karting-salou-2\/\"},\"wordCount\":352,\"publisher\":{\"@id\":\"https:\/\/kartingsalou.com\/#organization\"},\"image\":{\"@id\":\"https:\/\/kartingsalou.com\/ca\/la-temporada-baixa-esta-de-tornada-a-karting-salou-2\/#primaryimage\"},\"thumbnailUrl\":\"https:\/\/kartingsalou.com\/wp-content\/uploads\/2023\/09\/DSC5464-scaled.jpg\",\"articleSection\":[\"NOTICIES\"],\"inLanguage\":\"ca\"},{\"@type\":\"WebPage\",\"@id\":\"https:\/\/kartingsalou.com\/ca\/la-temporada-baixa-esta-de-tornada-a-karting-salou-2\/\",\"url\":\"https:\/\/kartingsalou.com\/ca\/la-temporada-baixa-esta-de-tornada-a-karting-salou-2\/\",\"name\":\"La Temporada Baixa Est\u00e0 de tornada a Karting Salou\",\"isPartOf\":{\"@id\":\"https:\/\/kartingsalou.com\/#website\"},\"primaryImageOfPage\":{\"@id\":\"https:\/\/kartingsalou.com\/ca\/la-temporada-baixa-esta-de-tornada-a-karting-salou-2\/#primaryimage\"},\"image\":{\"@id\":\"https:\/\/kartingsalou.com\/ca\/la-temporada-baixa-esta-de-tornada-a-karting-salou-2\/#primaryimage\"},\"thumbnailUrl\":\"https:\/\/kartingsalou.com\/wp-content\/uploads\/2023\/09\/DSC5464-scaled.jpg\",\"datePublished\":\"2023-09-28T11:09:11+00:00\",\"dateModified\":\"2023-10-10T11:12:02+00:00\",\"description\":\"Durant la temporada baixa, t'oferim una oferta especial perqu\u00e8 puguis gaudir de la nostra pista sense preocupar-te per la teva butxaca.\",\"breadcrumb\":{\"@id\":\"https:\/\/kartingsalou.com\/ca\/la-temporada-baixa-esta-de-tornada-a-karting-salou-2\/#breadcrumb\"},\"inLanguage\":\"ca\",\"potentialAction\":[{\"@type\":\"ReadAction\",\"target\":[\"https:\/\/kartingsalou.com\/ca\/la-temporada-baixa-esta-de-tornada-a-karting-salou-2\/\"]}]},{\"@type\":\"ImageObject\",\"inLanguage\":\"ca\",\"@id\":\"https:\/\/kartingsalou.com\/ca\/la-temporada-baixa-esta-de-tornada-a-karting-salou-2\/#primaryimage\",\"url\":\"https:\/\/kartingsalou.com\/wp-content\/uploads\/2023\/09\/DSC5464-scaled.jpg\",\"contentUrl\":\"https:\/\/kartingsalou.com\/wp-content\/uploads\/2023\/09\/DSC5464-scaled.jpg\",\"width\":2560,\"height\":1710},{\"@type\":\"BreadcrumbList\",\"@id\":\"https:\/\/kartingsalou.com\/ca\/la-temporada-baixa-esta-de-tornada-a-karting-salou-2\/#breadcrumb\",\"itemListElement\":[{\"@type\":\"ListItem\",\"position\":1,\"name\":\"Portada\",\"item\":\"https:\/\/kartingsalou.com\/\"},{\"@type\":\"ListItem\",\"position\":2,\"name\":\"La Temporada Baixa Est\u00e0 de tornada a Karting Salou\"}]},{\"@type\":\"WebSite\",\"@id\":\"https:\/\/kartingsalou.com\/#website\",\"url\":\"https:\/\/kartingsalou.com\/\",\"name\":\"Karting Salou | Karting en Tarragona | Cumplea\u00f1os, Eventos\u200e y mucho m\u00e1s!\",\"description\":\"Uno de los Mejores Circuitos de Karting de Europa. Eventos, Cumplea\u00f1os. Eventos Para Empresas, \u00a1Ven a Disfrutar! Parking Gratuito. Para Todos los P\u00fablicos. Celebraciones de Eventos. Bus Gratis.\",\"publisher\":{\"@id\":\"https:\/\/kartingsalou.com\/#organization\"},\"alternateName\":\"Karts Salou\",\"potentialAction\":[{\"@type\":\"SearchAction\",\"target\":{\"@type\":\"EntryPoint\",\"urlTemplate\":\"https:\/\/kartingsalou.com\/?s={search_term_string}\"},\"query-input\":{\"@type\":\"PropertyValueSpecification\",\"valueRequired\":true,\"valueName\":\"search_term_string\"}}],\"inLanguage\":\"ca\"},{\"@type\":\"Organization\",\"@id\":\"https:\/\/kartingsalou.com\/#organization\",\"name\":\"Karting Salou | Karting en Tarragona | Cumplea\u00f1os, Eventos\u200e y mucho m\u00e1s!\",\"url\":\"https:\/\/kartingsalou.com\/\",\"logo\":{\"@type\":\"ImageObject\",\"inLanguage\":\"ca\",\"@id\":\"https:\/\/kartingsalou.com\/#\/schema\/logo\/image\/\",\"url\":\"https:\/\/kartingsalou.com\/wp-content\/uploads\/2024\/06\/Logo.jpg\",\"contentUrl\":\"https:\/\/kartingsalou.com\/wp-content\/uploads\/2024\/06\/Logo.jpg\",\"width\":1032,\"height\":415,\"caption\":\"Karting Salou | Karting en Tarragona | Cumplea\u00f1os, Eventos\u200e y mucho m\u00e1s!\"},\"image\":{\"@id\":\"https:\/\/kartingsalou.com\/#\/schema\/logo\/image\/\"},\"sameAs\":[\"https:\/\/www.facebook.com\/kartingsalou\/\",\"https:\/\/x.com\/saloukarting\",\"https:\/\/www.instagram.com\/kartingsalou\/?hl=es\"]},{\"@type\":\"Person\",\"@id\":\"https:\/\/kartingsalou.com\/#\/schema\/person\/d1c6ff940a6b2bd1be0553449abe1856\",\"name\":\"karting\",\"image\":{\"@type\":\"ImageObject\",\"inLanguage\":\"ca\",\"@id\":\"https:\/\/kartingsalou.com\/#\/schema\/person\/image\/\",\"url\":\"https:\/\/secure.gravatar.com\/avatar\/124ecf6469f0e1bdbc3c01d5f782380b23f30ecaec6cfd5e56c8af13c54dfe25?s=96&d=mm&r=g\",\"contentUrl\":\"https:\/\/secure.gravatar.com\/avatar\/124ecf6469f0e1bdbc3c01d5f782380b23f30ecaec6cfd5e56c8af13c54dfe25?s=96&d=mm&r=g\",\"caption\":\"karting\"},\"url\":\"https:\/\/kartingsalou.com\/ca\/author\/karting\/\"}]}<\/script>\n<!-- \/ Yoast SEO plugin. -->","yoast_head_json":{"title":"La Temporada Baixa Est\u00e0 de tornada a Karting Salou","description":"Durant la temporada baixa, t'oferim una oferta especial perqu\u00e8 puguis gaudir de la nostra pista sense preocupar-te per la teva butxaca.","robots":{"index":"index","follow":"follow","max-snippet":"max-snippet:-1","max-image-preview":"max-image-preview:large","max-video-preview":"max-video-preview:-1"},"canonical":"https:\/\/kartingsalou.com\/ca\/la-temporada-baixa-esta-de-tornada-a-karting-salou-2\/","og_locale":"ca_ES","og_type":"article","og_title":"La Temporada Baixa Est\u00e0 de tornada a Karting Salou","og_description":"Durant la temporada baixa, t'oferim una oferta especial perqu\u00e8 puguis gaudir de la nostra pista sense preocupar-te per la teva butxaca.","og_url":"https:\/\/kartingsalou.com\/ca\/la-temporada-baixa-esta-de-tornada-a-karting-salou-2\/","og_site_name":"Karting Salou | Karting en Tarragona | Cumplea\u00f1os, Eventos\u200e y mucho m\u00e1s!","article_publisher":"https:\/\/www.facebook.com\/kartingsalou\/","article_published_time":"2023-09-28T11:09:11+00:00","article_modified_time":"2023-10-10T11:12:02+00:00","og_image":[{"width":2560,"height":1710,"url":"https:\/\/kartingsalou.com\/wp-content\/uploads\/2023\/09\/DSC5464-scaled.jpg","type":"image\/jpeg"}],"author":"karting","twitter_misc":{"Escrit per":"karting","Temps estimat de lectura":"2 minuts"},"schema":{"@context":"https:\/\/schema.org","@graph":[{"@type":"Article","@id":"https:\/\/kartingsalou.com\/ca\/la-temporada-baixa-esta-de-tornada-a-karting-salou-2\/#article","isPartOf":{"@id":"https:\/\/kartingsalou.com\/ca\/la-temporada-baixa-esta-de-tornada-a-karting-salou-2\/"},"author":{"name":"karting","@id":"https:\/\/kartingsalou.com\/#\/schema\/person\/d1c6ff940a6b2bd1be0553449abe1856"},"headline":"La Temporada Baixa Est\u00e0 de tornada a Karting Salou","datePublished":"2023-09-28T11:09:11+00:00","dateModified":"2023-10-10T11:12:02+00:00","mainEntityOfPage":{"@id":"https:\/\/kartingsalou.com\/ca\/la-temporada-baixa-esta-de-tornada-a-karting-salou-2\/"},"wordCount":352,"publisher":{"@id":"https:\/\/kartingsalou.com\/#organization"},"image":{"@id":"https:\/\/kartingsalou.com\/ca\/la-temporada-baixa-esta-de-tornada-a-karting-salou-2\/#primaryimage"},"thumbnailUrl":"https:\/\/kartingsalou.com\/wp-content\/uploads\/2023\/09\/DSC5464-scaled.jpg","articleSection":["NOTICIES"],"inLanguage":"ca"},{"@type":"WebPage","@id":"https:\/\/kartingsalou.com\/ca\/la-temporada-baixa-esta-de-tornada-a-karting-salou-2\/","url":"https:\/\/kartingsalou.com\/ca\/la-temporada-baixa-esta-de-tornada-a-karting-salou-2\/","name":"La Temporada Baixa Est\u00e0 de tornada a Karting Salou","isPartOf":{"@id":"https:\/\/kartingsalou.com\/#website"},"primaryImageOfPage":{"@id":"https:\/\/kartingsalou.com\/ca\/la-temporada-baixa-esta-de-tornada-a-karting-salou-2\/#primaryimage"},"image":{"@id":"https:\/\/kartingsalou.com\/ca\/la-temporada-baixa-esta-de-tornada-a-karting-salou-2\/#primaryimage"},"thumbnailUrl":"https:\/\/kartingsalou.com\/wp-content\/uploads\/2023\/09\/DSC5464-scaled.jpg","datePublished":"2023-09-28T11:09:11+00:00","dateModified":"2023-10-10T11:12:02+00:00","description":"Durant la temporada baixa, t'oferim una oferta especial perqu\u00e8 puguis gaudir de la nostra pista sense preocupar-te per la teva butxaca.","breadcrumb":{"@id":"https:\/\/kartingsalou.com\/ca\/la-temporada-baixa-esta-de-tornada-a-karting-salou-2\/#breadcrumb"},"inLanguage":"ca","potentialAction":[{"@type":"ReadAction","target":["https:\/\/kartingsalou.com\/ca\/la-temporada-baixa-esta-de-tornada-a-karting-salou-2\/"]}]},{"@type":"ImageObject","inLanguage":"ca","@id":"https:\/\/kartingsalou.com\/ca\/la-temporada-baixa-esta-de-tornada-a-karting-salou-2\/#primaryimage","url":"https:\/\/kartingsalou.com\/wp-content\/uploads\/2023\/09\/DSC5464-scaled.jpg","contentUrl":"https:\/\/kartingsalou.com\/wp-content\/uploads\/2023\/09\/DSC5464-scaled.jpg","width":2560,"height":1710},{"@type":"BreadcrumbList","@id":"https:\/\/kartingsalou.com\/ca\/la-temporada-baixa-esta-de-tornada-a-karting-salou-2\/#breadcrumb","itemListElement":[{"@type":"ListItem","position":1,"name":"Portada","item":"https:\/\/kartingsalou.com\/"},{"@type":"ListItem","position":2,"name":"La Temporada Baixa Est\u00e0 de tornada a Karting Salou"}]},{"@type":"WebSite","@id":"https:\/\/kartingsalou.com\/#website","url":"https:\/\/kartingsalou.com\/","name":"Karting Salou | Karting en Tarragona | Cumplea\u00f1os, Eventos\u200e y mucho m\u00e1s!","description":"Uno de los Mejores Circuitos de Karting de Europa. Eventos, Cumplea\u00f1os. Eventos Para Empresas, \u00a1Ven a Disfrutar! Parking Gratuito. Para Todos los P\u00fablicos. Celebraciones de Eventos. Bus Gratis.","publisher":{"@id":"https:\/\/kartingsalou.com\/#organization"},"alternateName":"Karts Salou","potentialAction":[{"@type":"SearchAction","target":{"@type":"EntryPoint","urlTemplate":"https:\/\/kartingsalou.com\/?s={search_term_string}"},"query-input":{"@type":"PropertyValueSpecification","valueRequired":true,"valueName":"search_term_string"}}],"inLanguage":"ca"},{"@type":"Organization","@id":"https:\/\/kartingsalou.com\/#organization","name":"Karting Salou | Karting en Tarragona | Cumplea\u00f1os, Eventos\u200e y mucho m\u00e1s!","url":"https:\/\/kartingsalou.com\/","logo":{"@type":"ImageObject","inLanguage":"ca","@id":"https:\/\/kartingsalou.com\/#\/schema\/logo\/image\/","url":"https:\/\/kartingsalou.com\/wp-content\/uploads\/2024\/06\/Logo.jpg","contentUrl":"https:\/\/kartingsalou.com\/wp-content\/uploads\/2024\/06\/Logo.jpg","width":1032,"height":415,"caption":"Karting Salou | Karting en Tarragona | Cumplea\u00f1os, Eventos\u200e y mucho m\u00e1s!"},"image":{"@id":"https:\/\/kartingsalou.com\/#\/schema\/logo\/image\/"},"sameAs":["https:\/\/www.facebook.com\/kartingsalou\/","https:\/\/x.com\/saloukarting","https:\/\/www.instagram.com\/kartingsalou\/?hl=es"]},{"@type":"Person","@id":"https:\/\/kartingsalou.com\/#\/schema\/person\/d1c6ff940a6b2bd1be0553449abe1856","name":"karting","image":{"@type":"ImageObject","inLanguage":"ca","@id":"https:\/\/kartingsalou.com\/#\/schema\/person\/image\/","url":"https:\/\/secure.gravatar.com\/avatar\/124ecf6469f0e1bdbc3c01d5f782380b23f30ecaec6cfd5e56c8af13c54dfe25?s=96&d=mm&r=g","contentUrl":"https:\/\/secure.gravatar.com\/avatar\/124ecf6469f0e1bdbc3c01d5f782380b23f30ecaec6cfd5e56c8af13c54dfe25?s=96&d=mm&r=g","caption":"karting"},"url":"https:\/\/kartingsalou.com\/ca\/author\/karting\/"}]}},"_links":{"self":[{"href":"https:\/\/kartingsalou.com\/ca\/wp-json\/wp\/v2\/posts\/5893","targetHints":{"allow":["GET"]}}],"collection":[{"href":"https:\/\/kartingsalou.com\/ca\/wp-json\/wp\/v2\/posts"}],"about":[{"href":"https:\/\/kartingsalou.com\/ca\/wp-json\/wp\/v2\/types\/post"}],"author":[{"embeddable":true,"href":"https:\/\/kartingsalou.com\/ca\/wp-json\/wp\/v2\/users\/1"}],"replies":[{"embeddable":true,"href":"https:\/\/kartingsalou.com\/ca\/wp-json\/wp\/v2\/comments?post=5893"}],"version-history":[{"count":1,"href":"https:\/\/kartingsalou.com\/ca\/wp-json\/wp\/v2\/posts\/5893\/revisions"}],"predecessor-version":[{"id":5894,"href":"https:\/\/kartingsalou.com\/ca\/wp-json\/wp\/v2\/posts\/5893\/revisions\/5894"}],"wp:featuredmedia":[{"embeddable":true,"href":"https:\/\/kartingsalou.com\/ca\/wp-json\/wp\/v2\/media\/5735"}],"wp:attachment":[{"href":"https:\/\/kartingsalou.com\/ca\/wp-json\/wp\/v2\/media?parent=5893"}],"wp:term":[{"taxonomy":"category","embeddable":true,"href":"https:\/\/kartingsalou.com\/ca\/wp-json\/wp\/v2\/categories?post=5893"},{"taxonomy":"post_tag","embeddable":true,"href":"https:\/\/kartingsalou.com\/ca\/wp-json\/wp\/v2\/tags?post=5893"}],"curies":[{"name":"wp","href":"https:\/\/api.w.org\/{rel}","templated":true}]}}