{"id":5244,"date":"2023-06-22T09:46:15","date_gmt":"2023-06-22T09:46:15","guid":{"rendered":"https:\/\/kartingsalou.com\/emocion-nocturna-en-karting-salou\/"},"modified":"2023-10-04T12:33:42","modified_gmt":"2023-10-04T10:33:42","slug":"emocin-nocturna-a-karting-salou","status":"publish","type":"post","link":"https:\/\/kartingsalou.com\/ca\/emocin-nocturna-a-karting-salou\/","title":{"rendered":"Gaudeix de l&#8217;emoci\u00f3 nocturna en Karting Salou!"},"content":{"rendered":"<h5>Grans not\u00edcies per a tots els amants de la velocitat i l&#8217;adrenalina! Gaudeix de l&#8217;emoci\u00f3 nocturna a Karting Salou!<\/h5>\n<p>A partir del pr\u00f2xim dilluns 26 de juny, a Karting Salou ampliem el nostre horari de funcionament perqu\u00e8 puguis gaudir de les carreres nocturnes per m\u00e9s temps. Ara tindr\u00e0s l&#8217;oportunitat d&#8217;experimentar l&#8217;emoci\u00f3 de les carreres nocturnes al nostre circuit. Prepara&#8217;t per a viure una experi\u00e8ncia inoblidable! I gaudeix de l&#8217;emoci\u00f3 nocturna a Karting Salou.<\/p>\n<p>Fins ara, el nostre horari d&#8217;obertura era de 10.00 a 22.00, per\u00f2 a partir del pr\u00f2xim dilluns, ampliarem l&#8217;horari fins a la mitjanit. Aix\u00f2 significa que podr\u00e0s gaudir de les nostres instal\u00b7lacions i competir contra els teus amics fins a les 00 h. Dues hores m\u00e9s de diversi\u00f3 i adrenalina!<\/p>\n<p>Imagina l&#8217;emoci\u00f3 de c\u00f3rrer a alta velocitat en un ambient nocturn, afegeix una dosi extra d&#8217;emoci\u00f3 a cada volta.<\/p>\n<p>Per\u00f2 aix\u00f2 no \u00e9s tot. Aquest horari especial d&#8217;estiu estar\u00e0 disponible fins al 3 de setembre, oferint-te encara m\u00e9s oportunitats de gaudir de les carreres nocturnes durant els mesos m\u00e9s calorosos. Aix\u00ed que no hi ha excuses per a no venir i unir-te a la diversi\u00f3. Reuneix el teu grup d&#8217;amics, desafiar-vos m\u00fatuament i demostrar qui \u00e9s el millor pilot.<\/p>\n<p>Recorda que a Karting Salou, no sols oferim una experi\u00e8ncia emocionant, sin\u00f3 tamb\u00e9 la m\u00e0xima seguretat. Les nostres instal\u00b7lacions estan equipades amb les mesures necess\u00e0ries per a garantir el teu benestar en tot moment. El nostre personal altament capacitat estar\u00e0 a la teva disposici\u00f3 per a oferir-te assist\u00e8ncia i assegurar-se que la teva visita sigui del millor.<\/p>\n<p>Per tant, no perdis l&#8217;oportunitat de gaudir de l&#8217;adrenalina per m\u00e9s temps. A partir del pr\u00f2xim dilluns 26 de juny, t&#8217;esperem en Karting Salou amb el nostre horari est\u00e8s. Vine i viu l&#8217;emoci\u00f3 de les carreres nocturnes en un ambient incre\u00efble! Et garantim una experi\u00e8ncia inoblidable!<\/p>\n<p>&nbsp;<\/p>\n","protected":false},"excerpt":{"rendered":"<p>Grans not\u00edcies per a tots els amants de la velocitat i l&#8217;adrenalina! Gaudeix de l&#8217;emoci\u00f3 nocturna a Karting Salou! A partir del pr\u00f2xim dilluns 26 de juny, a Karting Salou ampliem el nostre horari de funcionament perqu\u00e8 puguis gaudir de les carreres nocturnes per m\u00e9s temps. Ara tindr\u00e0s l&#8217;oportunitat d&#8217;experimentar l&#8217;emoci\u00f3 de les carreres nocturnes [&hellip;]<\/p>\n","protected":false},"author":1,"featured_media":5237,"comment_status":"closed","ping_status":"closed","sticky":false,"template":"","format":"standard","meta":{"_et_pb_use_builder":"","_et_pb_old_content":"","_et_gb_content_width":"","footnotes":""},"categories":[10],"tags":[],"class_list":["post-5244","post","type-post","status-publish","format-standard","has-post-thumbnail","hentry","category-noticies"],"yoast_head":"<!-- This site is optimized with the Yoast SEO plugin v27.1.1 - https:\/\/yoast.com\/product\/yoast-seo-wordpress\/ -->\n<title>Emoci\u00f3 nocturna a Karting Salou<\/title>\n<meta name=\"description\" content=\"Ampliem el nostre horari de funcionament perqu\u00e8 puguis gaudir de la emoci\u00f3 nocturna a Karting Salou.\" \/>\n<meta name=\"robots\" content=\"index, follow, max-snippet:-1, max-image-preview:large, max-video-preview:-1\" \/>\n<link rel=\"canonical\" href=\"https:\/\/kartingsalou.com\/ca\/emocin-nocturna-a-karting-salou\/\" \/>\n<meta property=\"og:locale\" content=\"ca_ES\" \/>\n<meta property=\"og:type\" content=\"article\" \/>\n<meta property=\"og:title\" content=\"Emoci\u00f3 nocturna a Karting Salou\" \/>\n<meta property=\"og:description\" content=\"Ampliem el nostre horari de funcionament perqu\u00e8 puguis gaudir de la emoci\u00f3 nocturna a Karting Salou.\" \/>\n<meta property=\"og:url\" content=\"https:\/\/kartingsalou.com\/ca\/emocin-nocturna-a-karting-salou\/\" \/>\n<meta property=\"og:site_name\" content=\"Karting Salou | Karting en Tarragona | Cumplea\u00f1os, Eventos\u200e y mucho m\u00e1s!\" \/>\n<meta property=\"article:publisher\" content=\"https:\/\/www.facebook.com\/kartingsalou\/\" \/>\n<meta property=\"article:published_time\" content=\"2023-06-22T09:46:15+00:00\" \/>\n<meta property=\"article:modified_time\" content=\"2023-10-04T10:33:42+00:00\" \/>\n<meta property=\"og:image\" content=\"https:\/\/kartingsalou.com\/wp-content\/uploads\/2023\/06\/pexels-stephan-seeber-1110494-scaled.jpg\" \/>\n\t<meta property=\"og:image:width\" content=\"2560\" \/>\n\t<meta property=\"og:image:height\" content=\"1707\" \/>\n\t<meta property=\"og:image:type\" content=\"image\/jpeg\" \/>\n<meta name=\"author\" content=\"karting\" \/>\n<meta name=\"twitter:label1\" content=\"Escrit per\" \/>\n\t<meta name=\"twitter:data1\" content=\"karting\" \/>\n\t<meta name=\"twitter:label2\" content=\"Temps estimat de lectura\" \/>\n\t<meta name=\"twitter:data2\" content=\"2 minuts\" \/>\n<script type=\"application\/ld+json\" class=\"yoast-schema-graph\">{\"@context\":\"https:\/\/schema.org\",\"@graph\":[{\"@type\":\"Article\",\"@id\":\"https:\/\/kartingsalou.com\/ca\/emocin-nocturna-a-karting-salou\/#article\",\"isPartOf\":{\"@id\":\"https:\/\/kartingsalou.com\/ca\/emocin-nocturna-a-karting-salou\/\"},\"author\":{\"name\":\"karting\",\"@id\":\"https:\/\/kartingsalou.com\/#\/schema\/person\/d1c6ff940a6b2bd1be0553449abe1856\"},\"headline\":\"Gaudeix de l&#8217;emoci\u00f3 nocturna en Karting Salou!\",\"datePublished\":\"2023-06-22T09:46:15+00:00\",\"dateModified\":\"2023-10-04T10:33:42+00:00\",\"mainEntityOfPage\":{\"@id\":\"https:\/\/kartingsalou.com\/ca\/emocin-nocturna-a-karting-salou\/\"},\"wordCount\":348,\"publisher\":{\"@id\":\"https:\/\/kartingsalou.com\/#organization\"},\"image\":{\"@id\":\"https:\/\/kartingsalou.com\/ca\/emocin-nocturna-a-karting-salou\/#primaryimage\"},\"thumbnailUrl\":\"https:\/\/kartingsalou.com\/wp-content\/uploads\/2023\/06\/pexels-stephan-seeber-1110494-scaled.jpg\",\"articleSection\":[\"NOTICIES\"],\"inLanguage\":\"ca\"},{\"@type\":\"WebPage\",\"@id\":\"https:\/\/kartingsalou.com\/ca\/emocin-nocturna-a-karting-salou\/\",\"url\":\"https:\/\/kartingsalou.com\/ca\/emocin-nocturna-a-karting-salou\/\",\"name\":\"Emoci\u00f3 nocturna a Karting Salou\",\"isPartOf\":{\"@id\":\"https:\/\/kartingsalou.com\/#website\"},\"primaryImageOfPage\":{\"@id\":\"https:\/\/kartingsalou.com\/ca\/emocin-nocturna-a-karting-salou\/#primaryimage\"},\"image\":{\"@id\":\"https:\/\/kartingsalou.com\/ca\/emocin-nocturna-a-karting-salou\/#primaryimage\"},\"thumbnailUrl\":\"https:\/\/kartingsalou.com\/wp-content\/uploads\/2023\/06\/pexels-stephan-seeber-1110494-scaled.jpg\",\"datePublished\":\"2023-06-22T09:46:15+00:00\",\"dateModified\":\"2023-10-04T10:33:42+00:00\",\"description\":\"Ampliem el nostre horari de funcionament perqu\u00e8 puguis gaudir de la emoci\u00f3 nocturna a Karting Salou.\",\"breadcrumb\":{\"@id\":\"https:\/\/kartingsalou.com\/ca\/emocin-nocturna-a-karting-salou\/#breadcrumb\"},\"inLanguage\":\"ca\",\"potentialAction\":[{\"@type\":\"ReadAction\",\"target\":[\"https:\/\/kartingsalou.com\/ca\/emocin-nocturna-a-karting-salou\/\"]}]},{\"@type\":\"ImageObject\",\"inLanguage\":\"ca\",\"@id\":\"https:\/\/kartingsalou.com\/ca\/emocin-nocturna-a-karting-salou\/#primaryimage\",\"url\":\"https:\/\/kartingsalou.com\/wp-content\/uploads\/2023\/06\/pexels-stephan-seeber-1110494-scaled.jpg\",\"contentUrl\":\"https:\/\/kartingsalou.com\/wp-content\/uploads\/2023\/06\/pexels-stephan-seeber-1110494-scaled.jpg\",\"width\":2560,\"height\":1707},{\"@type\":\"BreadcrumbList\",\"@id\":\"https:\/\/kartingsalou.com\/ca\/emocin-nocturna-a-karting-salou\/#breadcrumb\",\"itemListElement\":[{\"@type\":\"ListItem\",\"position\":1,\"name\":\"Portada\",\"item\":\"https:\/\/kartingsalou.com\/\"},{\"@type\":\"ListItem\",\"position\":2,\"name\":\"Gaudeix de l&#8217;emoci\u00f3 nocturna en Karting Salou!\"}]},{\"@type\":\"WebSite\",\"@id\":\"https:\/\/kartingsalou.com\/#website\",\"url\":\"https:\/\/kartingsalou.com\/\",\"name\":\"Karting Salou | Karting en Tarragona | Cumplea\u00f1os, Eventos\u200e y mucho m\u00e1s!\",\"description\":\"Uno de los Mejores Circuitos de Karting de Europa. Eventos, Cumplea\u00f1os. Eventos Para Empresas, \u00a1Ven a Disfrutar! Parking Gratuito. Para Todos los P\u00fablicos. Celebraciones de Eventos. Bus Gratis.\",\"publisher\":{\"@id\":\"https:\/\/kartingsalou.com\/#organization\"},\"alternateName\":\"Karts Salou\",\"potentialAction\":[{\"@type\":\"SearchAction\",\"target\":{\"@type\":\"EntryPoint\",\"urlTemplate\":\"https:\/\/kartingsalou.com\/?s={search_term_string}\"},\"query-input\":{\"@type\":\"PropertyValueSpecification\",\"valueRequired\":true,\"valueName\":\"search_term_string\"}}],\"inLanguage\":\"ca\"},{\"@type\":\"Organization\",\"@id\":\"https:\/\/kartingsalou.com\/#organization\",\"name\":\"Karting Salou | Karting en Tarragona | Cumplea\u00f1os, Eventos\u200e y mucho m\u00e1s!\",\"url\":\"https:\/\/kartingsalou.com\/\",\"logo\":{\"@type\":\"ImageObject\",\"inLanguage\":\"ca\",\"@id\":\"https:\/\/kartingsalou.com\/#\/schema\/logo\/image\/\",\"url\":\"https:\/\/kartingsalou.com\/wp-content\/uploads\/2024\/06\/Logo.jpg\",\"contentUrl\":\"https:\/\/kartingsalou.com\/wp-content\/uploads\/2024\/06\/Logo.jpg\",\"width\":1032,\"height\":415,\"caption\":\"Karting Salou | Karting en Tarragona | Cumplea\u00f1os, Eventos\u200e y mucho m\u00e1s!\"},\"image\":{\"@id\":\"https:\/\/kartingsalou.com\/#\/schema\/logo\/image\/\"},\"sameAs\":[\"https:\/\/www.facebook.com\/kartingsalou\/\",\"https:\/\/x.com\/saloukarting\",\"https:\/\/www.instagram.com\/kartingsalou\/?hl=es\"]},{\"@type\":\"Person\",\"@id\":\"https:\/\/kartingsalou.com\/#\/schema\/person\/d1c6ff940a6b2bd1be0553449abe1856\",\"name\":\"karting\",\"image\":{\"@type\":\"ImageObject\",\"inLanguage\":\"ca\",\"@id\":\"https:\/\/kartingsalou.com\/#\/schema\/person\/image\/\",\"url\":\"https:\/\/secure.gravatar.com\/avatar\/124ecf6469f0e1bdbc3c01d5f782380b23f30ecaec6cfd5e56c8af13c54dfe25?s=96&d=mm&r=g\",\"contentUrl\":\"https:\/\/secure.gravatar.com\/avatar\/124ecf6469f0e1bdbc3c01d5f782380b23f30ecaec6cfd5e56c8af13c54dfe25?s=96&d=mm&r=g\",\"caption\":\"karting\"},\"url\":\"https:\/\/kartingsalou.com\/ca\/author\/karting\/\"}]}<\/script>\n<!-- \/ Yoast SEO plugin. -->","yoast_head_json":{"title":"Emoci\u00f3 nocturna a Karting Salou","description":"Ampliem el nostre horari de funcionament perqu\u00e8 puguis gaudir de la emoci\u00f3 nocturna a Karting Salou.","robots":{"index":"index","follow":"follow","max-snippet":"max-snippet:-1","max-image-preview":"max-image-preview:large","max-video-preview":"max-video-preview:-1"},"canonical":"https:\/\/kartingsalou.com\/ca\/emocin-nocturna-a-karting-salou\/","og_locale":"ca_ES","og_type":"article","og_title":"Emoci\u00f3 nocturna a Karting Salou","og_description":"Ampliem el nostre horari de funcionament perqu\u00e8 puguis gaudir de la emoci\u00f3 nocturna a Karting Salou.","og_url":"https:\/\/kartingsalou.com\/ca\/emocin-nocturna-a-karting-salou\/","og_site_name":"Karting Salou | Karting en Tarragona | Cumplea\u00f1os, Eventos\u200e y mucho m\u00e1s!","article_publisher":"https:\/\/www.facebook.com\/kartingsalou\/","article_published_time":"2023-06-22T09:46:15+00:00","article_modified_time":"2023-10-04T10:33:42+00:00","og_image":[{"width":2560,"height":1707,"url":"https:\/\/kartingsalou.com\/wp-content\/uploads\/2023\/06\/pexels-stephan-seeber-1110494-scaled.jpg","type":"image\/jpeg"}],"author":"karting","twitter_misc":{"Escrit per":"karting","Temps estimat de lectura":"2 minuts"},"schema":{"@context":"https:\/\/schema.org","@graph":[{"@type":"Article","@id":"https:\/\/kartingsalou.com\/ca\/emocin-nocturna-a-karting-salou\/#article","isPartOf":{"@id":"https:\/\/kartingsalou.com\/ca\/emocin-nocturna-a-karting-salou\/"},"author":{"name":"karting","@id":"https:\/\/kartingsalou.com\/#\/schema\/person\/d1c6ff940a6b2bd1be0553449abe1856"},"headline":"Gaudeix de l&#8217;emoci\u00f3 nocturna en Karting Salou!","datePublished":"2023-06-22T09:46:15+00:00","dateModified":"2023-10-04T10:33:42+00:00","mainEntityOfPage":{"@id":"https:\/\/kartingsalou.com\/ca\/emocin-nocturna-a-karting-salou\/"},"wordCount":348,"publisher":{"@id":"https:\/\/kartingsalou.com\/#organization"},"image":{"@id":"https:\/\/kartingsalou.com\/ca\/emocin-nocturna-a-karting-salou\/#primaryimage"},"thumbnailUrl":"https:\/\/kartingsalou.com\/wp-content\/uploads\/2023\/06\/pexels-stephan-seeber-1110494-scaled.jpg","articleSection":["NOTICIES"],"inLanguage":"ca"},{"@type":"WebPage","@id":"https:\/\/kartingsalou.com\/ca\/emocin-nocturna-a-karting-salou\/","url":"https:\/\/kartingsalou.com\/ca\/emocin-nocturna-a-karting-salou\/","name":"Emoci\u00f3 nocturna a Karting Salou","isPartOf":{"@id":"https:\/\/kartingsalou.com\/#website"},"primaryImageOfPage":{"@id":"https:\/\/kartingsalou.com\/ca\/emocin-nocturna-a-karting-salou\/#primaryimage"},"image":{"@id":"https:\/\/kartingsalou.com\/ca\/emocin-nocturna-a-karting-salou\/#primaryimage"},"thumbnailUrl":"https:\/\/kartingsalou.com\/wp-content\/uploads\/2023\/06\/pexels-stephan-seeber-1110494-scaled.jpg","datePublished":"2023-06-22T09:46:15+00:00","dateModified":"2023-10-04T10:33:42+00:00","description":"Ampliem el nostre horari de funcionament perqu\u00e8 puguis gaudir de la emoci\u00f3 nocturna a Karting Salou.","breadcrumb":{"@id":"https:\/\/kartingsalou.com\/ca\/emocin-nocturna-a-karting-salou\/#breadcrumb"},"inLanguage":"ca","potentialAction":[{"@type":"ReadAction","target":["https:\/\/kartingsalou.com\/ca\/emocin-nocturna-a-karting-salou\/"]}]},{"@type":"ImageObject","inLanguage":"ca","@id":"https:\/\/kartingsalou.com\/ca\/emocin-nocturna-a-karting-salou\/#primaryimage","url":"https:\/\/kartingsalou.com\/wp-content\/uploads\/2023\/06\/pexels-stephan-seeber-1110494-scaled.jpg","contentUrl":"https:\/\/kartingsalou.com\/wp-content\/uploads\/2023\/06\/pexels-stephan-seeber-1110494-scaled.jpg","width":2560,"height":1707},{"@type":"BreadcrumbList","@id":"https:\/\/kartingsalou.com\/ca\/emocin-nocturna-a-karting-salou\/#breadcrumb","itemListElement":[{"@type":"ListItem","position":1,"name":"Portada","item":"https:\/\/kartingsalou.com\/"},{"@type":"ListItem","position":2,"name":"Gaudeix de l&#8217;emoci\u00f3 nocturna en Karting Salou!"}]},{"@type":"WebSite","@id":"https:\/\/kartingsalou.com\/#website","url":"https:\/\/kartingsalou.com\/","name":"Karting Salou | Karting en Tarragona | Cumplea\u00f1os, Eventos\u200e y mucho m\u00e1s!","description":"Uno de los Mejores Circuitos de Karting de Europa. Eventos, Cumplea\u00f1os. Eventos Para Empresas, \u00a1Ven a Disfrutar! Parking Gratuito. Para Todos los P\u00fablicos. Celebraciones de Eventos. Bus Gratis.","publisher":{"@id":"https:\/\/kartingsalou.com\/#organization"},"alternateName":"Karts Salou","potentialAction":[{"@type":"SearchAction","target":{"@type":"EntryPoint","urlTemplate":"https:\/\/kartingsalou.com\/?s={search_term_string}"},"query-input":{"@type":"PropertyValueSpecification","valueRequired":true,"valueName":"search_term_string"}}],"inLanguage":"ca"},{"@type":"Organization","@id":"https:\/\/kartingsalou.com\/#organization","name":"Karting Salou | Karting en Tarragona | Cumplea\u00f1os, Eventos\u200e y mucho m\u00e1s!","url":"https:\/\/kartingsalou.com\/","logo":{"@type":"ImageObject","inLanguage":"ca","@id":"https:\/\/kartingsalou.com\/#\/schema\/logo\/image\/","url":"https:\/\/kartingsalou.com\/wp-content\/uploads\/2024\/06\/Logo.jpg","contentUrl":"https:\/\/kartingsalou.com\/wp-content\/uploads\/2024\/06\/Logo.jpg","width":1032,"height":415,"caption":"Karting Salou | Karting en Tarragona | Cumplea\u00f1os, Eventos\u200e y mucho m\u00e1s!"},"image":{"@id":"https:\/\/kartingsalou.com\/#\/schema\/logo\/image\/"},"sameAs":["https:\/\/www.facebook.com\/kartingsalou\/","https:\/\/x.com\/saloukarting","https:\/\/www.instagram.com\/kartingsalou\/?hl=es"]},{"@type":"Person","@id":"https:\/\/kartingsalou.com\/#\/schema\/person\/d1c6ff940a6b2bd1be0553449abe1856","name":"karting","image":{"@type":"ImageObject","inLanguage":"ca","@id":"https:\/\/kartingsalou.com\/#\/schema\/person\/image\/","url":"https:\/\/secure.gravatar.com\/avatar\/124ecf6469f0e1bdbc3c01d5f782380b23f30ecaec6cfd5e56c8af13c54dfe25?s=96&d=mm&r=g","contentUrl":"https:\/\/secure.gravatar.com\/avatar\/124ecf6469f0e1bdbc3c01d5f782380b23f30ecaec6cfd5e56c8af13c54dfe25?s=96&d=mm&r=g","caption":"karting"},"url":"https:\/\/kartingsalou.com\/ca\/author\/karting\/"}]}},"_links":{"self":[{"href":"https:\/\/kartingsalou.com\/ca\/wp-json\/wp\/v2\/posts\/5244","targetHints":{"allow":["GET"]}}],"collection":[{"href":"https:\/\/kartingsalou.com\/ca\/wp-json\/wp\/v2\/posts"}],"about":[{"href":"https:\/\/kartingsalou.com\/ca\/wp-json\/wp\/v2\/types\/post"}],"author":[{"embeddable":true,"href":"https:\/\/kartingsalou.com\/ca\/wp-json\/wp\/v2\/users\/1"}],"replies":[{"embeddable":true,"href":"https:\/\/kartingsalou.com\/ca\/wp-json\/wp\/v2\/comments?post=5244"}],"version-history":[{"count":5,"href":"https:\/\/kartingsalou.com\/ca\/wp-json\/wp\/v2\/posts\/5244\/revisions"}],"predecessor-version":[{"id":5851,"href":"https:\/\/kartingsalou.com\/ca\/wp-json\/wp\/v2\/posts\/5244\/revisions\/5851"}],"wp:featuredmedia":[{"embeddable":true,"href":"https:\/\/kartingsalou.com\/ca\/wp-json\/wp\/v2\/media\/5237"}],"wp:attachment":[{"href":"https:\/\/kartingsalou.com\/ca\/wp-json\/wp\/v2\/media?parent=5244"}],"wp:term":[{"taxonomy":"category","embeddable":true,"href":"https:\/\/kartingsalou.com\/ca\/wp-json\/wp\/v2\/categories?post=5244"},{"taxonomy":"post_tag","embeddable":true,"href":"https:\/\/kartingsalou.com\/ca\/wp-json\/wp\/v2\/tags?post=5244"}],"curies":[{"name":"wp","href":"https:\/\/api.w.org\/{rel}","templated":true}]}}