{"id":4848,"date":"2023-03-21T10:42:08","date_gmt":"2023-03-21T10:42:08","guid":{"rendered":"https:\/\/kartingsalou.com\/mujeres-al-volante\/"},"modified":"2023-10-04T12:47:51","modified_gmt":"2023-10-04T10:47:51","slug":"mujeres-al-volante","status":"publish","type":"post","link":"https:\/\/kartingsalou.com\/ca\/mujeres-al-volante\/","title":{"rendered":"Dones al volant"},"content":{"rendered":"<p>Aquest mes de mar\u00e7 marcat pel 8M volem fer un petit rep\u00e0s per algunes de les dones que han marcat la hist\u00f2ria del motor i la conducci\u00f3, especialment al Rally Dakar.<\/p>\n<p>&nbsp;<\/p>\n<h3>Jutta Kleinschmidt<\/h3>\n<p>Kleinschmidt\u00a0des de la seva joventut ha estat lligada al m\u00f3n de l&#8217;automobilisme, va estudiar f\u00edsica i enginyeria i va realitzar la tesi a l&#8217;empresa BMW, on si va quedar treballant en el disseny de vehicles. A 1993 va comen\u00e7ar a compaginar els treballs de pilot i instructora i va ser\u00a0el 2001\u00a0quan es va convertir en la primera dona\u00a0a\u00a0guanyar el\u00a0Rally\u00a0<a href=\"https:\/\/www.dakar.com\/es\">Dakar<\/a>.<\/p>\n<p>&nbsp;<\/p>\n<h3>Laia Sanz<\/h3>\n<p>Laia Sanz va seguir els passos de Jutta Kleinschmidt i es va llen\u00e7ar al m\u00f3n del Dakar despr\u00e9s d&#8217;haver passat per altres esports de motor com el trial o l&#8217;enduro on ha estat catorze vegades campiona mundial de trial i sis en la disciplina d&#8217;endur. Pel que fa al Dakar, el rally m\u00e9s dur del m\u00f3n, l&#8217;ha aconseguit acabar en onze ocasions, aconseguint la vict\u00f2ria en categoria femenina de motos els anys, 2011, 2012, 2013, 2014, 2015, 2016, 2017, 2018, 2019, 2020 i 2021. En l&#8217;edici\u00f3 del 2015, va aconseguir la novena posici\u00f3 en la classificaci\u00f3 general, sent aquest el millor resultat femen\u00ed de la hist\u00f2ria. Ja el 2022 va participar en la categoria de cotxes.<\/p>\n<p>&nbsp;<\/p>\n<h3>Cristina Guti\u00e9rrez<\/h3>\n<p>Tamb\u00e9 pilot del Rally Dakar, el 2017 es va convertir en la primera dona a acabar el Rally Dakar amb cotxe, el 2021 va ser la segona dona de la hist\u00f2ria en guanyar una etapa, sent aix\u00ed la primera espanyola a aconseguir-ho i en l&#8217;edici\u00f3 del 2022 es va convertir en la primera espanyola a pujar a un podi del Dakar acabant en tercera posici\u00f3. A m\u00e9s, \u00e9s excampiona femenina del Campionat d&#8217;Espanya de Rallyes Tot Terreny (CERTT). I en 2015 va ser subcampiona absoluta d&#8217;aquesta prova.<\/p>\n<p>&nbsp;<\/p>\n<p>Vine al <a href=\"https:\/\/kartingsalou.com\/ca\/\">Karting Salou<\/a> i demostra que les dones s\u00f3n guanyadores en el m\u00f3n del motor.<\/p>\n<p>&nbsp;<\/p>\n<p>&nbsp;<\/p>\n","protected":false},"excerpt":{"rendered":"<p>Aquest mes de mar\u00e7 marcat pel 8M volem fer un petit rep\u00e0s per algunes de les dones que han marcat la hist\u00f2ria del motor i la conducci\u00f3, especialment al Rally Dakar. &nbsp; Jutta Kleinschmidt Kleinschmidt\u00a0des de la seva joventut ha estat lligada al m\u00f3n de l&#8217;automobilisme, va estudiar f\u00edsica i enginyeria i va realitzar la [&hellip;]<\/p>\n","protected":false},"author":1,"featured_media":4844,"comment_status":"closed","ping_status":"closed","sticky":false,"template":"","format":"standard","meta":{"_et_pb_use_builder":"","_et_pb_old_content":"","_et_gb_content_width":"","footnotes":""},"categories":[10],"tags":[],"class_list":["post-4848","post","type-post","status-publish","format-standard","has-post-thumbnail","hentry","category-noticies"],"yoast_head":"<!-- This site is optimized with the Yoast SEO plugin v27.1.1 - https:\/\/yoast.com\/product\/yoast-seo-wordpress\/ -->\n<title>Dones al volant<\/title>\n<meta name=\"description\" content=\"Aquest mes marcat pel 8M fem un petit rep\u00e0s per algunes dones de la hist\u00f2ria del motor, especialment en el Rally Dakar\" \/>\n<meta name=\"robots\" content=\"index, follow, max-snippet:-1, max-image-preview:large, max-video-preview:-1\" \/>\n<link rel=\"canonical\" href=\"https:\/\/kartingsalou.com\/ca\/mujeres-al-volante\/\" \/>\n<meta property=\"og:locale\" content=\"ca_ES\" \/>\n<meta property=\"og:type\" content=\"article\" \/>\n<meta property=\"og:title\" content=\"Dones al volant\" \/>\n<meta property=\"og:description\" content=\"Aquest mes marcat pel 8M fem un petit rep\u00e0s per algunes dones de la hist\u00f2ria del motor, especialment en el Rally Dakar\" \/>\n<meta property=\"og:url\" content=\"https:\/\/kartingsalou.com\/ca\/mujeres-al-volante\/\" \/>\n<meta property=\"og:site_name\" content=\"Karting Salou | Karting en Tarragona | Cumplea\u00f1os, Eventos\u200e y mucho m\u00e1s!\" \/>\n<meta property=\"article:publisher\" content=\"https:\/\/www.facebook.com\/kartingsalou\/\" \/>\n<meta property=\"article:published_time\" content=\"2023-03-21T10:42:08+00:00\" \/>\n<meta property=\"article:modified_time\" content=\"2023-10-04T10:47:51+00:00\" \/>\n<meta property=\"og:image\" content=\"https:\/\/kartingsalou.com\/wp-content\/uploads\/2023\/03\/BLOG-1-scaled.jpg\" \/>\n\t<meta property=\"og:image:width\" content=\"2560\" \/>\n\t<meta property=\"og:image:height\" content=\"1707\" \/>\n\t<meta property=\"og:image:type\" content=\"image\/jpeg\" \/>\n<meta name=\"author\" content=\"karting\" \/>\n<meta name=\"twitter:label1\" content=\"Escrit per\" \/>\n\t<meta name=\"twitter:data1\" content=\"karting\" \/>\n\t<meta name=\"twitter:label2\" content=\"Temps estimat de lectura\" \/>\n\t<meta name=\"twitter:data2\" content=\"2 minuts\" \/>\n<script type=\"application\/ld+json\" class=\"yoast-schema-graph\">{\"@context\":\"https:\/\/schema.org\",\"@graph\":[{\"@type\":\"Article\",\"@id\":\"https:\/\/kartingsalou.com\/ca\/mujeres-al-volante\/#article\",\"isPartOf\":{\"@id\":\"https:\/\/kartingsalou.com\/ca\/mujeres-al-volante\/\"},\"author\":{\"name\":\"karting\",\"@id\":\"https:\/\/kartingsalou.com\/#\/schema\/person\/d1c6ff940a6b2bd1be0553449abe1856\"},\"headline\":\"Dones al volant\",\"datePublished\":\"2023-03-21T10:42:08+00:00\",\"dateModified\":\"2023-10-04T10:47:51+00:00\",\"mainEntityOfPage\":{\"@id\":\"https:\/\/kartingsalou.com\/ca\/mujeres-al-volante\/\"},\"wordCount\":339,\"publisher\":{\"@id\":\"https:\/\/kartingsalou.com\/#organization\"},\"image\":{\"@id\":\"https:\/\/kartingsalou.com\/ca\/mujeres-al-volante\/#primaryimage\"},\"thumbnailUrl\":\"https:\/\/kartingsalou.com\/wp-content\/uploads\/2023\/03\/BLOG-1-scaled.jpg\",\"articleSection\":[\"NOTICIES\"],\"inLanguage\":\"ca\"},{\"@type\":\"WebPage\",\"@id\":\"https:\/\/kartingsalou.com\/ca\/mujeres-al-volante\/\",\"url\":\"https:\/\/kartingsalou.com\/ca\/mujeres-al-volante\/\",\"name\":\"Dones al volant\",\"isPartOf\":{\"@id\":\"https:\/\/kartingsalou.com\/#website\"},\"primaryImageOfPage\":{\"@id\":\"https:\/\/kartingsalou.com\/ca\/mujeres-al-volante\/#primaryimage\"},\"image\":{\"@id\":\"https:\/\/kartingsalou.com\/ca\/mujeres-al-volante\/#primaryimage\"},\"thumbnailUrl\":\"https:\/\/kartingsalou.com\/wp-content\/uploads\/2023\/03\/BLOG-1-scaled.jpg\",\"datePublished\":\"2023-03-21T10:42:08+00:00\",\"dateModified\":\"2023-10-04T10:47:51+00:00\",\"description\":\"Aquest mes marcat pel 8M fem un petit rep\u00e0s per algunes dones de la hist\u00f2ria del motor, especialment en el Rally Dakar\",\"breadcrumb\":{\"@id\":\"https:\/\/kartingsalou.com\/ca\/mujeres-al-volante\/#breadcrumb\"},\"inLanguage\":\"ca\",\"potentialAction\":[{\"@type\":\"ReadAction\",\"target\":[\"https:\/\/kartingsalou.com\/ca\/mujeres-al-volante\/\"]}]},{\"@type\":\"ImageObject\",\"inLanguage\":\"ca\",\"@id\":\"https:\/\/kartingsalou.com\/ca\/mujeres-al-volante\/#primaryimage\",\"url\":\"https:\/\/kartingsalou.com\/wp-content\/uploads\/2023\/03\/BLOG-1-scaled.jpg\",\"contentUrl\":\"https:\/\/kartingsalou.com\/wp-content\/uploads\/2023\/03\/BLOG-1-scaled.jpg\",\"width\":2560,\"height\":1707,\"caption\":\"Rally Dakar\"},{\"@type\":\"BreadcrumbList\",\"@id\":\"https:\/\/kartingsalou.com\/ca\/mujeres-al-volante\/#breadcrumb\",\"itemListElement\":[{\"@type\":\"ListItem\",\"position\":1,\"name\":\"Portada\",\"item\":\"https:\/\/kartingsalou.com\/\"},{\"@type\":\"ListItem\",\"position\":2,\"name\":\"Dones al volant\"}]},{\"@type\":\"WebSite\",\"@id\":\"https:\/\/kartingsalou.com\/#website\",\"url\":\"https:\/\/kartingsalou.com\/\",\"name\":\"Karting Salou | Karting en Tarragona | Cumplea\u00f1os, Eventos\u200e y mucho m\u00e1s!\",\"description\":\"Uno de los Mejores Circuitos de Karting de Europa. Eventos, Cumplea\u00f1os. Eventos Para Empresas, \u00a1Ven a Disfrutar! Parking Gratuito. Para Todos los P\u00fablicos. Celebraciones de Eventos. Bus Gratis.\",\"publisher\":{\"@id\":\"https:\/\/kartingsalou.com\/#organization\"},\"alternateName\":\"Karts Salou\",\"potentialAction\":[{\"@type\":\"SearchAction\",\"target\":{\"@type\":\"EntryPoint\",\"urlTemplate\":\"https:\/\/kartingsalou.com\/?s={search_term_string}\"},\"query-input\":{\"@type\":\"PropertyValueSpecification\",\"valueRequired\":true,\"valueName\":\"search_term_string\"}}],\"inLanguage\":\"ca\"},{\"@type\":\"Organization\",\"@id\":\"https:\/\/kartingsalou.com\/#organization\",\"name\":\"Karting Salou | Karting en Tarragona | Cumplea\u00f1os, Eventos\u200e y mucho m\u00e1s!\",\"url\":\"https:\/\/kartingsalou.com\/\",\"logo\":{\"@type\":\"ImageObject\",\"inLanguage\":\"ca\",\"@id\":\"https:\/\/kartingsalou.com\/#\/schema\/logo\/image\/\",\"url\":\"https:\/\/kartingsalou.com\/wp-content\/uploads\/2024\/06\/Logo.jpg\",\"contentUrl\":\"https:\/\/kartingsalou.com\/wp-content\/uploads\/2024\/06\/Logo.jpg\",\"width\":1032,\"height\":415,\"caption\":\"Karting Salou | Karting en Tarragona | Cumplea\u00f1os, Eventos\u200e y mucho m\u00e1s!\"},\"image\":{\"@id\":\"https:\/\/kartingsalou.com\/#\/schema\/logo\/image\/\"},\"sameAs\":[\"https:\/\/www.facebook.com\/kartingsalou\/\",\"https:\/\/x.com\/saloukarting\",\"https:\/\/www.instagram.com\/kartingsalou\/?hl=es\"]},{\"@type\":\"Person\",\"@id\":\"https:\/\/kartingsalou.com\/#\/schema\/person\/d1c6ff940a6b2bd1be0553449abe1856\",\"name\":\"karting\",\"image\":{\"@type\":\"ImageObject\",\"inLanguage\":\"ca\",\"@id\":\"https:\/\/kartingsalou.com\/#\/schema\/person\/image\/\",\"url\":\"https:\/\/secure.gravatar.com\/avatar\/124ecf6469f0e1bdbc3c01d5f782380b23f30ecaec6cfd5e56c8af13c54dfe25?s=96&d=mm&r=g\",\"contentUrl\":\"https:\/\/secure.gravatar.com\/avatar\/124ecf6469f0e1bdbc3c01d5f782380b23f30ecaec6cfd5e56c8af13c54dfe25?s=96&d=mm&r=g\",\"caption\":\"karting\"},\"url\":\"https:\/\/kartingsalou.com\/ca\/author\/karting\/\"}]}<\/script>\n<!-- \/ Yoast SEO plugin. -->","yoast_head_json":{"title":"Dones al volant","description":"Aquest mes marcat pel 8M fem un petit rep\u00e0s per algunes dones de la hist\u00f2ria del motor, especialment en el Rally Dakar","robots":{"index":"index","follow":"follow","max-snippet":"max-snippet:-1","max-image-preview":"max-image-preview:large","max-video-preview":"max-video-preview:-1"},"canonical":"https:\/\/kartingsalou.com\/ca\/mujeres-al-volante\/","og_locale":"ca_ES","og_type":"article","og_title":"Dones al volant","og_description":"Aquest mes marcat pel 8M fem un petit rep\u00e0s per algunes dones de la hist\u00f2ria del motor, especialment en el Rally Dakar","og_url":"https:\/\/kartingsalou.com\/ca\/mujeres-al-volante\/","og_site_name":"Karting Salou | Karting en Tarragona | Cumplea\u00f1os, Eventos\u200e y mucho m\u00e1s!","article_publisher":"https:\/\/www.facebook.com\/kartingsalou\/","article_published_time":"2023-03-21T10:42:08+00:00","article_modified_time":"2023-10-04T10:47:51+00:00","og_image":[{"width":2560,"height":1707,"url":"https:\/\/kartingsalou.com\/wp-content\/uploads\/2023\/03\/BLOG-1-scaled.jpg","type":"image\/jpeg"}],"author":"karting","twitter_misc":{"Escrit per":"karting","Temps estimat de lectura":"2 minuts"},"schema":{"@context":"https:\/\/schema.org","@graph":[{"@type":"Article","@id":"https:\/\/kartingsalou.com\/ca\/mujeres-al-volante\/#article","isPartOf":{"@id":"https:\/\/kartingsalou.com\/ca\/mujeres-al-volante\/"},"author":{"name":"karting","@id":"https:\/\/kartingsalou.com\/#\/schema\/person\/d1c6ff940a6b2bd1be0553449abe1856"},"headline":"Dones al volant","datePublished":"2023-03-21T10:42:08+00:00","dateModified":"2023-10-04T10:47:51+00:00","mainEntityOfPage":{"@id":"https:\/\/kartingsalou.com\/ca\/mujeres-al-volante\/"},"wordCount":339,"publisher":{"@id":"https:\/\/kartingsalou.com\/#organization"},"image":{"@id":"https:\/\/kartingsalou.com\/ca\/mujeres-al-volante\/#primaryimage"},"thumbnailUrl":"https:\/\/kartingsalou.com\/wp-content\/uploads\/2023\/03\/BLOG-1-scaled.jpg","articleSection":["NOTICIES"],"inLanguage":"ca"},{"@type":"WebPage","@id":"https:\/\/kartingsalou.com\/ca\/mujeres-al-volante\/","url":"https:\/\/kartingsalou.com\/ca\/mujeres-al-volante\/","name":"Dones al volant","isPartOf":{"@id":"https:\/\/kartingsalou.com\/#website"},"primaryImageOfPage":{"@id":"https:\/\/kartingsalou.com\/ca\/mujeres-al-volante\/#primaryimage"},"image":{"@id":"https:\/\/kartingsalou.com\/ca\/mujeres-al-volante\/#primaryimage"},"thumbnailUrl":"https:\/\/kartingsalou.com\/wp-content\/uploads\/2023\/03\/BLOG-1-scaled.jpg","datePublished":"2023-03-21T10:42:08+00:00","dateModified":"2023-10-04T10:47:51+00:00","description":"Aquest mes marcat pel 8M fem un petit rep\u00e0s per algunes dones de la hist\u00f2ria del motor, especialment en el Rally Dakar","breadcrumb":{"@id":"https:\/\/kartingsalou.com\/ca\/mujeres-al-volante\/#breadcrumb"},"inLanguage":"ca","potentialAction":[{"@type":"ReadAction","target":["https:\/\/kartingsalou.com\/ca\/mujeres-al-volante\/"]}]},{"@type":"ImageObject","inLanguage":"ca","@id":"https:\/\/kartingsalou.com\/ca\/mujeres-al-volante\/#primaryimage","url":"https:\/\/kartingsalou.com\/wp-content\/uploads\/2023\/03\/BLOG-1-scaled.jpg","contentUrl":"https:\/\/kartingsalou.com\/wp-content\/uploads\/2023\/03\/BLOG-1-scaled.jpg","width":2560,"height":1707,"caption":"Rally Dakar"},{"@type":"BreadcrumbList","@id":"https:\/\/kartingsalou.com\/ca\/mujeres-al-volante\/#breadcrumb","itemListElement":[{"@type":"ListItem","position":1,"name":"Portada","item":"https:\/\/kartingsalou.com\/"},{"@type":"ListItem","position":2,"name":"Dones al volant"}]},{"@type":"WebSite","@id":"https:\/\/kartingsalou.com\/#website","url":"https:\/\/kartingsalou.com\/","name":"Karting Salou | Karting en Tarragona | Cumplea\u00f1os, Eventos\u200e y mucho m\u00e1s!","description":"Uno de los Mejores Circuitos de Karting de Europa. Eventos, Cumplea\u00f1os. Eventos Para Empresas, \u00a1Ven a Disfrutar! Parking Gratuito. Para Todos los P\u00fablicos. Celebraciones de Eventos. Bus Gratis.","publisher":{"@id":"https:\/\/kartingsalou.com\/#organization"},"alternateName":"Karts Salou","potentialAction":[{"@type":"SearchAction","target":{"@type":"EntryPoint","urlTemplate":"https:\/\/kartingsalou.com\/?s={search_term_string}"},"query-input":{"@type":"PropertyValueSpecification","valueRequired":true,"valueName":"search_term_string"}}],"inLanguage":"ca"},{"@type":"Organization","@id":"https:\/\/kartingsalou.com\/#organization","name":"Karting Salou | Karting en Tarragona | Cumplea\u00f1os, Eventos\u200e y mucho m\u00e1s!","url":"https:\/\/kartingsalou.com\/","logo":{"@type":"ImageObject","inLanguage":"ca","@id":"https:\/\/kartingsalou.com\/#\/schema\/logo\/image\/","url":"https:\/\/kartingsalou.com\/wp-content\/uploads\/2024\/06\/Logo.jpg","contentUrl":"https:\/\/kartingsalou.com\/wp-content\/uploads\/2024\/06\/Logo.jpg","width":1032,"height":415,"caption":"Karting Salou | Karting en Tarragona | Cumplea\u00f1os, Eventos\u200e y mucho m\u00e1s!"},"image":{"@id":"https:\/\/kartingsalou.com\/#\/schema\/logo\/image\/"},"sameAs":["https:\/\/www.facebook.com\/kartingsalou\/","https:\/\/x.com\/saloukarting","https:\/\/www.instagram.com\/kartingsalou\/?hl=es"]},{"@type":"Person","@id":"https:\/\/kartingsalou.com\/#\/schema\/person\/d1c6ff940a6b2bd1be0553449abe1856","name":"karting","image":{"@type":"ImageObject","inLanguage":"ca","@id":"https:\/\/kartingsalou.com\/#\/schema\/person\/image\/","url":"https:\/\/secure.gravatar.com\/avatar\/124ecf6469f0e1bdbc3c01d5f782380b23f30ecaec6cfd5e56c8af13c54dfe25?s=96&d=mm&r=g","contentUrl":"https:\/\/secure.gravatar.com\/avatar\/124ecf6469f0e1bdbc3c01d5f782380b23f30ecaec6cfd5e56c8af13c54dfe25?s=96&d=mm&r=g","caption":"karting"},"url":"https:\/\/kartingsalou.com\/ca\/author\/karting\/"}]}},"_links":{"self":[{"href":"https:\/\/kartingsalou.com\/ca\/wp-json\/wp\/v2\/posts\/4848","targetHints":{"allow":["GET"]}}],"collection":[{"href":"https:\/\/kartingsalou.com\/ca\/wp-json\/wp\/v2\/posts"}],"about":[{"href":"https:\/\/kartingsalou.com\/ca\/wp-json\/wp\/v2\/types\/post"}],"author":[{"embeddable":true,"href":"https:\/\/kartingsalou.com\/ca\/wp-json\/wp\/v2\/users\/1"}],"replies":[{"embeddable":true,"href":"https:\/\/kartingsalou.com\/ca\/wp-json\/wp\/v2\/comments?post=4848"}],"version-history":[{"count":4,"href":"https:\/\/kartingsalou.com\/ca\/wp-json\/wp\/v2\/posts\/4848\/revisions"}],"predecessor-version":[{"id":5854,"href":"https:\/\/kartingsalou.com\/ca\/wp-json\/wp\/v2\/posts\/4848\/revisions\/5854"}],"wp:featuredmedia":[{"embeddable":true,"href":"https:\/\/kartingsalou.com\/ca\/wp-json\/wp\/v2\/media\/4844"}],"wp:attachment":[{"href":"https:\/\/kartingsalou.com\/ca\/wp-json\/wp\/v2\/media?parent=4848"}],"wp:term":[{"taxonomy":"category","embeddable":true,"href":"https:\/\/kartingsalou.com\/ca\/wp-json\/wp\/v2\/categories?post=4848"},{"taxonomy":"post_tag","embeddable":true,"href":"https:\/\/kartingsalou.com\/ca\/wp-json\/wp\/v2\/tags?post=4848"}],"curies":[{"name":"wp","href":"https:\/\/api.w.org\/{rel}","templated":true}]}}