{"id":1505,"date":"2019-06-17T15:24:27","date_gmt":"2019-06-17T15:24:27","guid":{"rendered":"https:\/\/kartingsalou.com\/?p=1505"},"modified":"2019-06-17T15:24:51","modified_gmt":"2019-06-17T15:24:51","slug":"festaopening-summer-al-karting-salou","status":"publish","type":"post","link":"https:\/\/kartingsalou.com\/ca\/festaopening-summer-al-karting-salou\/","title":{"rendered":"Festa Opening Summer al Karting Salou"},"content":{"rendered":"<p>Al Karting salou\u00a0 encara seguim amb l&#8217;adrenalina al cos despr\u00e9s de la festa d&#8217;ahir. Al mat\u00ed m\u00e9s de 50 persones van participar en el campionat que es va realitzar i, despr\u00e9s, van poder gaudir de les carreres per nom\u00e9s 9,75 \u20ac. Durant tota la festa vam comptar amb la col\u00b7laboraci\u00f3 de la discoteca Sabana Reus que es va encarregar de posar la m\u00fasica, portar les shishas i fer copes a peu de pista. Vermuts Mir\u00f3 va amenitzar la festa amb el seu vermut i tamb\u00e9 vam poder degustar una fideu\u00e0 deliciosa per passar la fam entre carrera i carrera.<\/p>\n<p>Us deixem algunes fotografies que vam fer durant la festa i us animem a participar en propers esdeveniments que realitzem a les nostres instal\u00b7lacions. Si us trobeu a les fotos, no oblideu compartir-les a les vostres xarxes socials i etiquetar. \ud83d\ude42<\/p>\n<p>Aprofitem per agrair a la discoteca Sabana Reus i al Vermuts Mir\u00f3 seva col\u00b7laboraci\u00f3 en l&#8217;esdeveniment i per contribuir a que tot sort\u00eds genial.<\/p>\n\n\t\t<style type=\"text\/css\">\n\t\t\t#gallery-1 {\n\t\t\t\tmargin: auto;\n\t\t\t}\n\t\t\t#gallery-1 .gallery-item {\n\t\t\t\tfloat: left;\n\t\t\t\tmargin-top: 10px;\n\t\t\t\ttext-align: center;\n\t\t\t\twidth: 33%;\n\t\t\t}\n\t\t\t#gallery-1 img {\n\t\t\t\tborder: 2px solid #cfcfcf;\n\t\t\t}\n\t\t\t#gallery-1 .gallery-caption {\n\t\t\t\tmargin-left: 0;\n\t\t\t}\n\t\t\t\/* see gallery_shortcode() in wp-includes\/media.php *\/\n\t\t<\/style>\n\t\t<div id='gallery-1' class='gallery galleryid-1505 gallery-columns-3 gallery-size-thumbnail'><dl class='gallery-item'>\n\t\t\t<dt class='gallery-icon landscape'>\n\t\t\t\t<a href='https:\/\/kartingsalou.com\/ca\/festaopening-summer-al-karting-salou\/img_0772-2\/'><img loading=\"lazy\" decoding=\"async\" width=\"150\" height=\"150\" src=\"https:\/\/kartingsalou.com\/wp-content\/uploads\/2019\/06\/IMG_0772-150x150.jpg\" class=\"attachment-thumbnail size-thumbnail\" alt=\"\" \/><\/a>\n\t\t\t<\/dt><\/dl><dl class='gallery-item'>\n\t\t\t<dt class='gallery-icon landscape'>\n\t\t\t\t<a href='https:\/\/kartingsalou.com\/ca\/festaopening-summer-al-karting-salou\/img_0765-2\/'><img loading=\"lazy\" decoding=\"async\" width=\"150\" height=\"150\" src=\"https:\/\/kartingsalou.com\/wp-content\/uploads\/2019\/06\/IMG_0765-150x150.jpg\" class=\"attachment-thumbnail size-thumbnail\" alt=\"\" \/><\/a>\n\t\t\t<\/dt><\/dl><dl class='gallery-item'>\n\t\t\t<dt class='gallery-icon landscape'>\n\t\t\t\t<a href='https:\/\/kartingsalou.com\/ca\/festaopening-summer-al-karting-salou\/img_0755-2\/'><img loading=\"lazy\" decoding=\"async\" width=\"150\" height=\"150\" src=\"https:\/\/kartingsalou.com\/wp-content\/uploads\/2019\/06\/IMG_0755-150x150.jpg\" class=\"attachment-thumbnail size-thumbnail\" alt=\"\" \/><\/a>\n\t\t\t<\/dt><\/dl><br style=\"clear: both\" \/><dl class='gallery-item'>\n\t\t\t<dt class='gallery-icon landscape'>\n\t\t\t\t<a href='https:\/\/kartingsalou.com\/ca\/festaopening-summer-al-karting-salou\/img_0752-2\/'><img loading=\"lazy\" decoding=\"async\" width=\"150\" height=\"150\" src=\"https:\/\/kartingsalou.com\/wp-content\/uploads\/2019\/06\/IMG_0752-150x150.jpg\" class=\"attachment-thumbnail size-thumbnail\" alt=\"\" \/><\/a>\n\t\t\t<\/dt><\/dl><dl class='gallery-item'>\n\t\t\t<dt class='gallery-icon landscape'>\n\t\t\t\t<a href='https:\/\/kartingsalou.com\/ca\/festaopening-summer-al-karting-salou\/img_0727-2\/'><img loading=\"lazy\" decoding=\"async\" width=\"150\" height=\"150\" src=\"https:\/\/kartingsalou.com\/wp-content\/uploads\/2019\/06\/IMG_0727-150x150.jpg\" class=\"attachment-thumbnail size-thumbnail\" alt=\"\" \/><\/a>\n\t\t\t<\/dt><\/dl><dl class='gallery-item'>\n\t\t\t<dt class='gallery-icon landscape'>\n\t\t\t\t<a href='https:\/\/kartingsalou.com\/ca\/festaopening-summer-al-karting-salou\/img_0704-2\/'><img loading=\"lazy\" decoding=\"async\" width=\"150\" height=\"150\" src=\"https:\/\/kartingsalou.com\/wp-content\/uploads\/2019\/06\/IMG_0704-150x150.jpg\" class=\"attachment-thumbnail size-thumbnail\" alt=\"\" \/><\/a>\n\t\t\t<\/dt><\/dl><br style=\"clear: both\" \/><dl class='gallery-item'>\n\t\t\t<dt class='gallery-icon landscape'>\n\t\t\t\t<a href='https:\/\/kartingsalou.com\/ca\/festaopening-summer-al-karting-salou\/img_0700-2\/'><img loading=\"lazy\" decoding=\"async\" width=\"150\" height=\"150\" src=\"https:\/\/kartingsalou.com\/wp-content\/uploads\/2019\/06\/IMG_0700-150x150.jpg\" class=\"attachment-thumbnail size-thumbnail\" alt=\"\" \/><\/a>\n\t\t\t<\/dt><\/dl><dl class='gallery-item'>\n\t\t\t<dt class='gallery-icon landscape'>\n\t\t\t\t<a href='https:\/\/kartingsalou.com\/ca\/festaopening-summer-al-karting-salou\/img_0689-2\/'><img loading=\"lazy\" decoding=\"async\" width=\"150\" height=\"150\" src=\"https:\/\/kartingsalou.com\/wp-content\/uploads\/2019\/06\/IMG_0689-150x150.jpg\" class=\"attachment-thumbnail size-thumbnail\" alt=\"\" \/><\/a>\n\t\t\t<\/dt><\/dl><dl class='gallery-item'>\n\t\t\t<dt class='gallery-icon landscape'>\n\t\t\t\t<a href='https:\/\/kartingsalou.com\/ca\/festaopening-summer-al-karting-salou\/img_0683-2\/'><img loading=\"lazy\" decoding=\"async\" width=\"150\" height=\"150\" src=\"https:\/\/kartingsalou.com\/wp-content\/uploads\/2019\/06\/IMG_0683-150x150.jpg\" class=\"attachment-thumbnail size-thumbnail\" alt=\"\" \/><\/a>\n\t\t\t<\/dt><\/dl><br style=\"clear: both\" \/><dl class='gallery-item'>\n\t\t\t<dt class='gallery-icon landscape'>\n\t\t\t\t<a href='https:\/\/kartingsalou.com\/ca\/festaopening-summer-al-karting-salou\/img_0674-2\/'><img loading=\"lazy\" decoding=\"async\" width=\"150\" height=\"150\" src=\"https:\/\/kartingsalou.com\/wp-content\/uploads\/2019\/06\/IMG_0674-150x150.jpg\" class=\"attachment-thumbnail size-thumbnail\" alt=\"\" \/><\/a>\n\t\t\t<\/dt><\/dl><dl class='gallery-item'>\n\t\t\t<dt class='gallery-icon landscape'>\n\t\t\t\t<a href='https:\/\/kartingsalou.com\/ca\/festaopening-summer-al-karting-salou\/img_0673-2\/'><img loading=\"lazy\" decoding=\"async\" width=\"150\" height=\"150\" src=\"https:\/\/kartingsalou.com\/wp-content\/uploads\/2019\/06\/IMG_0673-150x150.jpg\" class=\"attachment-thumbnail size-thumbnail\" alt=\"\" \/><\/a>\n\t\t\t<\/dt><\/dl><dl class='gallery-item'>\n\t\t\t<dt class='gallery-icon landscape'>\n\t\t\t\t<a href='https:\/\/kartingsalou.com\/ca\/festaopening-summer-al-karting-salou\/img_0670-2-2\/'><img loading=\"lazy\" decoding=\"async\" width=\"150\" height=\"150\" src=\"https:\/\/kartingsalou.com\/wp-content\/uploads\/2019\/06\/IMG_0670-1-150x150.jpg\" class=\"attachment-thumbnail size-thumbnail\" alt=\"\" \/><\/a>\n\t\t\t<\/dt><\/dl><br style=\"clear: both\" \/><dl class='gallery-item'>\n\t\t\t<dt class='gallery-icon landscape'>\n\t\t\t\t<a href='https:\/\/kartingsalou.com\/ca\/festaopening-summer-al-karting-salou\/img_0666-2\/'><img loading=\"lazy\" decoding=\"async\" width=\"150\" height=\"150\" src=\"https:\/\/kartingsalou.com\/wp-content\/uploads\/2019\/06\/IMG_0666-150x150.jpg\" class=\"attachment-thumbnail size-thumbnail\" alt=\"\" \/><\/a>\n\t\t\t<\/dt><\/dl><dl class='gallery-item'>\n\t\t\t<dt class='gallery-icon landscape'>\n\t\t\t\t<a href='https:\/\/kartingsalou.com\/ca\/festaopening-summer-al-karting-salou\/img_0665-2\/'><img loading=\"lazy\" decoding=\"async\" width=\"150\" height=\"150\" src=\"https:\/\/kartingsalou.com\/wp-content\/uploads\/2019\/06\/IMG_0665-150x150.jpg\" class=\"attachment-thumbnail size-thumbnail\" alt=\"\" \/><\/a>\n\t\t\t<\/dt><\/dl><dl class='gallery-item'>\n\t\t\t<dt class='gallery-icon landscape'>\n\t\t\t\t<a href='https:\/\/kartingsalou.com\/ca\/festaopening-summer-al-karting-salou\/img_0650-2\/'><img loading=\"lazy\" decoding=\"async\" width=\"150\" height=\"150\" src=\"https:\/\/kartingsalou.com\/wp-content\/uploads\/2019\/06\/IMG_0650-150x150.jpg\" class=\"attachment-thumbnail size-thumbnail\" alt=\"\" \/><\/a>\n\t\t\t<\/dt><\/dl><br style=\"clear: both\" \/><dl class='gallery-item'>\n\t\t\t<dt class='gallery-icon landscape'>\n\t\t\t\t<a href='https:\/\/kartingsalou.com\/ca\/festaopening-summer-al-karting-salou\/img_0644-2-2\/'><img loading=\"lazy\" decoding=\"async\" width=\"150\" height=\"150\" src=\"https:\/\/kartingsalou.com\/wp-content\/uploads\/2019\/06\/IMG_0644-1-150x150.jpg\" class=\"attachment-thumbnail size-thumbnail\" alt=\"\" \/><\/a>\n\t\t\t<\/dt><\/dl><dl class='gallery-item'>\n\t\t\t<dt class='gallery-icon landscape'>\n\t\t\t\t<a href='https:\/\/kartingsalou.com\/ca\/festaopening-summer-al-karting-salou\/img_0636-2\/'><img loading=\"lazy\" decoding=\"async\" width=\"150\" height=\"150\" src=\"https:\/\/kartingsalou.com\/wp-content\/uploads\/2019\/06\/IMG_0636-150x150.jpg\" class=\"attachment-thumbnail size-thumbnail\" alt=\"\" \/><\/a>\n\t\t\t<\/dt><\/dl><dl class='gallery-item'>\n\t\t\t<dt class='gallery-icon landscape'>\n\t\t\t\t<a href='https:\/\/kartingsalou.com\/ca\/festaopening-summer-al-karting-salou\/img_0634-2\/'><img loading=\"lazy\" decoding=\"async\" width=\"150\" height=\"150\" src=\"https:\/\/kartingsalou.com\/wp-content\/uploads\/2019\/06\/IMG_0634-150x150.jpg\" class=\"attachment-thumbnail size-thumbnail\" alt=\"\" \/><\/a>\n\t\t\t<\/dt><\/dl><br style=\"clear: both\" \/><dl class='gallery-item'>\n\t\t\t<dt class='gallery-icon landscape'>\n\t\t\t\t<a href='https:\/\/kartingsalou.com\/ca\/festaopening-summer-al-karting-salou\/img_0632-2\/'><img loading=\"lazy\" decoding=\"async\" width=\"150\" height=\"150\" src=\"https:\/\/kartingsalou.com\/wp-content\/uploads\/2019\/06\/IMG_0632-150x150.jpg\" class=\"attachment-thumbnail size-thumbnail\" alt=\"\" \/><\/a>\n\t\t\t<\/dt><\/dl><dl class='gallery-item'>\n\t\t\t<dt class='gallery-icon landscape'>\n\t\t\t\t<a href='https:\/\/kartingsalou.com\/ca\/festaopening-summer-al-karting-salou\/img_0631-2\/'><img loading=\"lazy\" decoding=\"async\" width=\"150\" height=\"150\" src=\"https:\/\/kartingsalou.com\/wp-content\/uploads\/2019\/06\/IMG_0631-150x150.jpg\" class=\"attachment-thumbnail size-thumbnail\" alt=\"\" \/><\/a>\n\t\t\t<\/dt><\/dl><dl class='gallery-item'>\n\t\t\t<dt class='gallery-icon landscape'>\n\t\t\t\t<a href='https:\/\/kartingsalou.com\/ca\/festaopening-summer-al-karting-salou\/img_0624-2\/'><img loading=\"lazy\" decoding=\"async\" width=\"150\" height=\"150\" src=\"https:\/\/kartingsalou.com\/wp-content\/uploads\/2019\/06\/IMG_0624-150x150.jpg\" class=\"attachment-thumbnail size-thumbnail\" alt=\"\" \/><\/a>\n\t\t\t<\/dt><\/dl><br style=\"clear: both\" \/><dl class='gallery-item'>\n\t\t\t<dt class='gallery-icon landscape'>\n\t\t\t\t<a href='https:\/\/kartingsalou.com\/ca\/festaopening-summer-al-karting-salou\/img_0620-2\/'><img loading=\"lazy\" decoding=\"async\" width=\"150\" height=\"150\" src=\"https:\/\/kartingsalou.com\/wp-content\/uploads\/2019\/06\/IMG_0620-150x150.jpg\" class=\"attachment-thumbnail size-thumbnail\" alt=\"\" \/><\/a>\n\t\t\t<\/dt><\/dl><dl class='gallery-item'>\n\t\t\t<dt class='gallery-icon landscape'>\n\t\t\t\t<a href='https:\/\/kartingsalou.com\/ca\/festaopening-summer-al-karting-salou\/img_0613-2\/'><img loading=\"lazy\" decoding=\"async\" width=\"150\" height=\"150\" src=\"https:\/\/kartingsalou.com\/wp-content\/uploads\/2019\/06\/IMG_0613-150x150.jpg\" class=\"attachment-thumbnail size-thumbnail\" alt=\"\" \/><\/a>\n\t\t\t<\/dt><\/dl><dl class='gallery-item'>\n\t\t\t<dt class='gallery-icon landscape'>\n\t\t\t\t<a href='https:\/\/kartingsalou.com\/ca\/festaopening-summer-al-karting-salou\/img_0611-2\/'><img loading=\"lazy\" decoding=\"async\" width=\"150\" height=\"150\" src=\"https:\/\/kartingsalou.com\/wp-content\/uploads\/2019\/06\/IMG_0611-150x150.jpg\" class=\"attachment-thumbnail size-thumbnail\" alt=\"\" \/><\/a>\n\t\t\t<\/dt><\/dl><br style=\"clear: both\" \/><dl class='gallery-item'>\n\t\t\t<dt class='gallery-icon landscape'>\n\t\t\t\t<a href='https:\/\/kartingsalou.com\/ca\/festaopening-summer-al-karting-salou\/img_0608-2\/'><img loading=\"lazy\" decoding=\"async\" width=\"150\" height=\"150\" src=\"https:\/\/kartingsalou.com\/wp-content\/uploads\/2019\/06\/IMG_0608-150x150.jpg\" class=\"attachment-thumbnail size-thumbnail\" alt=\"\" \/><\/a>\n\t\t\t<\/dt><\/dl><dl class='gallery-item'>\n\t\t\t<dt class='gallery-icon landscape'>\n\t\t\t\t<a href='https:\/\/kartingsalou.com\/ca\/festaopening-summer-al-karting-salou\/img_0602-2\/'><img loading=\"lazy\" decoding=\"async\" width=\"150\" height=\"150\" src=\"https:\/\/kartingsalou.com\/wp-content\/uploads\/2019\/06\/IMG_0602-150x150.jpg\" class=\"attachment-thumbnail size-thumbnail\" alt=\"\" \/><\/a>\n\t\t\t<\/dt><\/dl><dl class='gallery-item'>\n\t\t\t<dt class='gallery-icon landscape'>\n\t\t\t\t<a href='https:\/\/kartingsalou.com\/ca\/festaopening-summer-al-karting-salou\/img_0599-2\/'><img loading=\"lazy\" decoding=\"async\" width=\"150\" height=\"150\" src=\"https:\/\/kartingsalou.com\/wp-content\/uploads\/2019\/06\/IMG_0599-150x150.jpg\" class=\"attachment-thumbnail size-thumbnail\" alt=\"\" \/><\/a>\n\t\t\t<\/dt><\/dl><br style=\"clear: both\" \/><dl class='gallery-item'>\n\t\t\t<dt class='gallery-icon landscape'>\n\t\t\t\t<a href='https:\/\/kartingsalou.com\/ca\/festaopening-summer-al-karting-salou\/img_0594-2\/'><img loading=\"lazy\" decoding=\"async\" width=\"150\" height=\"150\" src=\"https:\/\/kartingsalou.com\/wp-content\/uploads\/2019\/06\/IMG_0594-150x150.jpg\" class=\"attachment-thumbnail size-thumbnail\" alt=\"\" \/><\/a>\n\t\t\t<\/dt><\/dl><dl class='gallery-item'>\n\t\t\t<dt class='gallery-icon landscape'>\n\t\t\t\t<a href='https:\/\/kartingsalou.com\/ca\/festaopening-summer-al-karting-salou\/img_0590-2\/'><img loading=\"lazy\" decoding=\"async\" width=\"150\" height=\"150\" src=\"https:\/\/kartingsalou.com\/wp-content\/uploads\/2019\/06\/IMG_0590-150x150.jpg\" class=\"attachment-thumbnail size-thumbnail\" alt=\"\" \/><\/a>\n\t\t\t<\/dt><\/dl><dl class='gallery-item'>\n\t\t\t<dt class='gallery-icon landscape'>\n\t\t\t\t<a href='https:\/\/kartingsalou.com\/ca\/festaopening-summer-al-karting-salou\/img_0588-2\/'><img loading=\"lazy\" decoding=\"async\" width=\"150\" height=\"150\" src=\"https:\/\/kartingsalou.com\/wp-content\/uploads\/2019\/06\/IMG_0588-150x150.jpg\" class=\"attachment-thumbnail size-thumbnail\" alt=\"\" \/><\/a>\n\t\t\t<\/dt><\/dl><br style=\"clear: both\" \/><dl class='gallery-item'>\n\t\t\t<dt class='gallery-icon landscape'>\n\t\t\t\t<a href='https:\/\/kartingsalou.com\/ca\/festaopening-summer-al-karting-salou\/img_0586-2\/'><img loading=\"lazy\" decoding=\"async\" width=\"150\" height=\"150\" src=\"https:\/\/kartingsalou.com\/wp-content\/uploads\/2019\/06\/IMG_0586-150x150.jpg\" class=\"attachment-thumbnail size-thumbnail\" alt=\"\" \/><\/a>\n\t\t\t<\/dt><\/dl><dl class='gallery-item'>\n\t\t\t<dt class='gallery-icon landscape'>\n\t\t\t\t<a href='https:\/\/kartingsalou.com\/ca\/festaopening-summer-al-karting-salou\/img_0579-2\/'><img loading=\"lazy\" decoding=\"async\" width=\"150\" height=\"150\" src=\"https:\/\/kartingsalou.com\/wp-content\/uploads\/2019\/06\/IMG_0579-150x150.jpg\" class=\"attachment-thumbnail size-thumbnail\" alt=\"\" \/><\/a>\n\t\t\t<\/dt><\/dl><dl class='gallery-item'>\n\t\t\t<dt class='gallery-icon landscape'>\n\t\t\t\t<a href='https:\/\/kartingsalou.com\/ca\/festaopening-summer-al-karting-salou\/img_0574-2\/'><img loading=\"lazy\" decoding=\"async\" width=\"150\" height=\"150\" src=\"https:\/\/kartingsalou.com\/wp-content\/uploads\/2019\/06\/IMG_0574-150x150.jpg\" class=\"attachment-thumbnail size-thumbnail\" alt=\"\" \/><\/a>\n\t\t\t<\/dt><\/dl><br style=\"clear: both\" \/><dl class='gallery-item'>\n\t\t\t<dt class='gallery-icon landscape'>\n\t\t\t\t<a href='https:\/\/kartingsalou.com\/ca\/festaopening-summer-al-karting-salou\/img_0563-2\/'><img loading=\"lazy\" decoding=\"async\" width=\"150\" height=\"150\" src=\"https:\/\/kartingsalou.com\/wp-content\/uploads\/2019\/06\/IMG_0563-150x150.jpg\" class=\"attachment-thumbnail size-thumbnail\" alt=\"\" \/><\/a>\n\t\t\t<\/dt><\/dl><dl class='gallery-item'>\n\t\t\t<dt class='gallery-icon landscape'>\n\t\t\t\t<a href='https:\/\/kartingsalou.com\/ca\/festaopening-summer-al-karting-salou\/img_0561-2\/'><img loading=\"lazy\" decoding=\"async\" width=\"150\" height=\"150\" src=\"https:\/\/kartingsalou.com\/wp-content\/uploads\/2019\/06\/IMG_0561-150x150.jpg\" class=\"attachment-thumbnail size-thumbnail\" alt=\"\" \/><\/a>\n\t\t\t<\/dt><\/dl>\n\t\t\t<br style='clear: both' \/>\n\t\t<\/div>\n\n<p>&nbsp;<\/p>\n","protected":false},"excerpt":{"rendered":"<p>Al Karting salou\u00a0 encara seguim amb l&#8217;adrenalina al cos despr\u00e9s de la festa d&#8217;ahir. Al mat\u00ed m\u00e9s de 50 persones van participar en el campionat que es va realitzar i, despr\u00e9s, van poder gaudir de les carreres per nom\u00e9s 9,75 \u20ac. Durant tota la festa vam comptar amb la col\u00b7laboraci\u00f3 de la discoteca Sabana Reus [&hellip;]<\/p>\n","protected":false},"author":1,"featured_media":1360,"comment_status":"closed","ping_status":"closed","sticky":false,"template":"","format":"standard","meta":{"_et_pb_use_builder":"","_et_pb_old_content":"","_et_gb_content_width":"","footnotes":""},"categories":[10],"tags":[],"class_list":["post-1505","post","type-post","status-publish","format-standard","has-post-thumbnail","hentry","category-noticies"],"yoast_head":"<!-- This site is optimized with the Yoast SEO plugin v27.1.1 - https:\/\/yoast.com\/product\/yoast-seo-wordpress\/ -->\n<title>Festa Opening Summer al Karting Salou - Karting Salou | Karting en Tarragona | Cumplea\u00f1os, Eventos\u200e y mucho m\u00e1s!<\/title>\n<meta name=\"robots\" content=\"index, follow, max-snippet:-1, max-image-preview:large, max-video-preview:-1\" \/>\n<link rel=\"canonical\" href=\"https:\/\/kartingsalou.com\/ca\/festaopening-summer-al-karting-salou\/\" \/>\n<meta property=\"og:locale\" content=\"ca_ES\" \/>\n<meta property=\"og:type\" content=\"article\" \/>\n<meta property=\"og:title\" content=\"Festa Opening Summer al Karting Salou - Karting Salou | Karting en Tarragona | Cumplea\u00f1os, Eventos\u200e y mucho m\u00e1s!\" \/>\n<meta property=\"og:description\" content=\"Al Karting salou\u00a0 encara seguim amb l&#8217;adrenalina al cos despr\u00e9s de la festa d&#8217;ahir. Al mat\u00ed m\u00e9s de 50 persones van participar en el campionat que es va realitzar i, despr\u00e9s, van poder gaudir de les carreres per nom\u00e9s 9,75 \u20ac. Durant tota la festa vam comptar amb la col\u00b7laboraci\u00f3 de la discoteca Sabana Reus [&hellip;]\" \/>\n<meta property=\"og:url\" content=\"https:\/\/kartingsalou.com\/ca\/festaopening-summer-al-karting-salou\/\" \/>\n<meta property=\"og:site_name\" content=\"Karting Salou | Karting en Tarragona | Cumplea\u00f1os, Eventos\u200e y mucho m\u00e1s!\" \/>\n<meta property=\"article:publisher\" content=\"https:\/\/www.facebook.com\/kartingsalou\/\" \/>\n<meta property=\"article:published_time\" content=\"2019-06-17T15:24:27+00:00\" \/>\n<meta property=\"article:modified_time\" content=\"2019-06-17T15:24:51+00:00\" \/>\n<meta property=\"og:image\" content=\"https:\/\/kartingsalou.com\/wp-content\/uploads\/2019\/06\/IMG_0670.jpg\" \/>\n\t<meta property=\"og:image:width\" content=\"1200\" \/>\n\t<meta property=\"og:image:height\" content=\"800\" \/>\n\t<meta property=\"og:image:type\" content=\"image\/jpeg\" \/>\n<meta name=\"author\" content=\"karting\" \/>\n<meta name=\"twitter:label1\" content=\"Escrit per\" \/>\n\t<meta name=\"twitter:data1\" content=\"karting\" \/>\n\t<meta name=\"twitter:label2\" content=\"Temps estimat de lectura\" \/>\n\t<meta name=\"twitter:data2\" content=\"1 minut\" \/>\n<script type=\"application\/ld+json\" class=\"yoast-schema-graph\">{\"@context\":\"https:\/\/schema.org\",\"@graph\":[{\"@type\":\"Article\",\"@id\":\"https:\/\/kartingsalou.com\/ca\/festaopening-summer-al-karting-salou\/#article\",\"isPartOf\":{\"@id\":\"https:\/\/kartingsalou.com\/ca\/festaopening-summer-al-karting-salou\/\"},\"author\":{\"name\":\"karting\",\"@id\":\"https:\/\/kartingsalou.com\/#\/schema\/person\/d1c6ff940a6b2bd1be0553449abe1856\"},\"headline\":\"Festa Opening Summer al Karting Salou\",\"datePublished\":\"2019-06-17T15:24:27+00:00\",\"dateModified\":\"2019-06-17T15:24:51+00:00\",\"mainEntityOfPage\":{\"@id\":\"https:\/\/kartingsalou.com\/ca\/festaopening-summer-al-karting-salou\/\"},\"wordCount\":181,\"publisher\":{\"@id\":\"https:\/\/kartingsalou.com\/#organization\"},\"image\":{\"@id\":\"https:\/\/kartingsalou.com\/ca\/festaopening-summer-al-karting-salou\/#primaryimage\"},\"thumbnailUrl\":\"https:\/\/kartingsalou.com\/wp-content\/uploads\/2019\/06\/IMG_0670.jpg\",\"articleSection\":[\"NOTICIES\"],\"inLanguage\":\"ca\"},{\"@type\":\"WebPage\",\"@id\":\"https:\/\/kartingsalou.com\/ca\/festaopening-summer-al-karting-salou\/\",\"url\":\"https:\/\/kartingsalou.com\/ca\/festaopening-summer-al-karting-salou\/\",\"name\":\"Festa Opening Summer al Karting Salou - Karting Salou | Karting en Tarragona | Cumplea\u00f1os, Eventos\u200e y mucho m\u00e1s!\",\"isPartOf\":{\"@id\":\"https:\/\/kartingsalou.com\/#website\"},\"primaryImageOfPage\":{\"@id\":\"https:\/\/kartingsalou.com\/ca\/festaopening-summer-al-karting-salou\/#primaryimage\"},\"image\":{\"@id\":\"https:\/\/kartingsalou.com\/ca\/festaopening-summer-al-karting-salou\/#primaryimage\"},\"thumbnailUrl\":\"https:\/\/kartingsalou.com\/wp-content\/uploads\/2019\/06\/IMG_0670.jpg\",\"datePublished\":\"2019-06-17T15:24:27+00:00\",\"dateModified\":\"2019-06-17T15:24:51+00:00\",\"breadcrumb\":{\"@id\":\"https:\/\/kartingsalou.com\/ca\/festaopening-summer-al-karting-salou\/#breadcrumb\"},\"inLanguage\":\"ca\",\"potentialAction\":[{\"@type\":\"ReadAction\",\"target\":[\"https:\/\/kartingsalou.com\/ca\/festaopening-summer-al-karting-salou\/\"]}]},{\"@type\":\"ImageObject\",\"inLanguage\":\"ca\",\"@id\":\"https:\/\/kartingsalou.com\/ca\/festaopening-summer-al-karting-salou\/#primaryimage\",\"url\":\"https:\/\/kartingsalou.com\/wp-content\/uploads\/2019\/06\/IMG_0670.jpg\",\"contentUrl\":\"https:\/\/kartingsalou.com\/wp-content\/uploads\/2019\/06\/IMG_0670.jpg\",\"width\":1200,\"height\":800},{\"@type\":\"BreadcrumbList\",\"@id\":\"https:\/\/kartingsalou.com\/ca\/festaopening-summer-al-karting-salou\/#breadcrumb\",\"itemListElement\":[{\"@type\":\"ListItem\",\"position\":1,\"name\":\"Portada\",\"item\":\"https:\/\/kartingsalou.com\/\"},{\"@type\":\"ListItem\",\"position\":2,\"name\":\"Festa Opening Summer al Karting Salou\"}]},{\"@type\":\"WebSite\",\"@id\":\"https:\/\/kartingsalou.com\/#website\",\"url\":\"https:\/\/kartingsalou.com\/\",\"name\":\"Karting Salou | Karting en Tarragona | Cumplea\u00f1os, Eventos\u200e y mucho m\u00e1s!\",\"description\":\"Uno de los Mejores Circuitos de Karting de Europa. Eventos, Cumplea\u00f1os. Eventos Para Empresas, \u00a1Ven a Disfrutar! Parking Gratuito. Para Todos los P\u00fablicos. Celebraciones de Eventos. Bus Gratis.\",\"publisher\":{\"@id\":\"https:\/\/kartingsalou.com\/#organization\"},\"alternateName\":\"Karts Salou\",\"potentialAction\":[{\"@type\":\"SearchAction\",\"target\":{\"@type\":\"EntryPoint\",\"urlTemplate\":\"https:\/\/kartingsalou.com\/?s={search_term_string}\"},\"query-input\":{\"@type\":\"PropertyValueSpecification\",\"valueRequired\":true,\"valueName\":\"search_term_string\"}}],\"inLanguage\":\"ca\"},{\"@type\":\"Organization\",\"@id\":\"https:\/\/kartingsalou.com\/#organization\",\"name\":\"Karting Salou | Karting en Tarragona | Cumplea\u00f1os, Eventos\u200e y mucho m\u00e1s!\",\"url\":\"https:\/\/kartingsalou.com\/\",\"logo\":{\"@type\":\"ImageObject\",\"inLanguage\":\"ca\",\"@id\":\"https:\/\/kartingsalou.com\/#\/schema\/logo\/image\/\",\"url\":\"https:\/\/kartingsalou.com\/wp-content\/uploads\/2024\/06\/Logo.jpg\",\"contentUrl\":\"https:\/\/kartingsalou.com\/wp-content\/uploads\/2024\/06\/Logo.jpg\",\"width\":1032,\"height\":415,\"caption\":\"Karting Salou | Karting en Tarragona | Cumplea\u00f1os, Eventos\u200e y mucho m\u00e1s!\"},\"image\":{\"@id\":\"https:\/\/kartingsalou.com\/#\/schema\/logo\/image\/\"},\"sameAs\":[\"https:\/\/www.facebook.com\/kartingsalou\/\",\"https:\/\/x.com\/saloukarting\",\"https:\/\/www.instagram.com\/kartingsalou\/?hl=es\"]},{\"@type\":\"Person\",\"@id\":\"https:\/\/kartingsalou.com\/#\/schema\/person\/d1c6ff940a6b2bd1be0553449abe1856\",\"name\":\"karting\",\"image\":{\"@type\":\"ImageObject\",\"inLanguage\":\"ca\",\"@id\":\"https:\/\/kartingsalou.com\/#\/schema\/person\/image\/\",\"url\":\"https:\/\/secure.gravatar.com\/avatar\/124ecf6469f0e1bdbc3c01d5f782380b23f30ecaec6cfd5e56c8af13c54dfe25?s=96&d=mm&r=g\",\"contentUrl\":\"https:\/\/secure.gravatar.com\/avatar\/124ecf6469f0e1bdbc3c01d5f782380b23f30ecaec6cfd5e56c8af13c54dfe25?s=96&d=mm&r=g\",\"caption\":\"karting\"},\"url\":\"https:\/\/kartingsalou.com\/ca\/author\/karting\/\"}]}<\/script>\n<!-- \/ Yoast SEO plugin. -->","yoast_head_json":{"title":"Festa Opening Summer al Karting Salou - Karting Salou | Karting en Tarragona | Cumplea\u00f1os, Eventos\u200e y mucho m\u00e1s!","robots":{"index":"index","follow":"follow","max-snippet":"max-snippet:-1","max-image-preview":"max-image-preview:large","max-video-preview":"max-video-preview:-1"},"canonical":"https:\/\/kartingsalou.com\/ca\/festaopening-summer-al-karting-salou\/","og_locale":"ca_ES","og_type":"article","og_title":"Festa Opening Summer al Karting Salou - Karting Salou | Karting en Tarragona | Cumplea\u00f1os, Eventos\u200e y mucho m\u00e1s!","og_description":"Al Karting salou\u00a0 encara seguim amb l&#8217;adrenalina al cos despr\u00e9s de la festa d&#8217;ahir. Al mat\u00ed m\u00e9s de 50 persones van participar en el campionat que es va realitzar i, despr\u00e9s, van poder gaudir de les carreres per nom\u00e9s 9,75 \u20ac. Durant tota la festa vam comptar amb la col\u00b7laboraci\u00f3 de la discoteca Sabana Reus [&hellip;]","og_url":"https:\/\/kartingsalou.com\/ca\/festaopening-summer-al-karting-salou\/","og_site_name":"Karting Salou | Karting en Tarragona | Cumplea\u00f1os, Eventos\u200e y mucho m\u00e1s!","article_publisher":"https:\/\/www.facebook.com\/kartingsalou\/","article_published_time":"2019-06-17T15:24:27+00:00","article_modified_time":"2019-06-17T15:24:51+00:00","og_image":[{"width":1200,"height":800,"url":"https:\/\/kartingsalou.com\/wp-content\/uploads\/2019\/06\/IMG_0670.jpg","type":"image\/jpeg"}],"author":"karting","twitter_misc":{"Escrit per":"karting","Temps estimat de lectura":"1 minut"},"schema":{"@context":"https:\/\/schema.org","@graph":[{"@type":"Article","@id":"https:\/\/kartingsalou.com\/ca\/festaopening-summer-al-karting-salou\/#article","isPartOf":{"@id":"https:\/\/kartingsalou.com\/ca\/festaopening-summer-al-karting-salou\/"},"author":{"name":"karting","@id":"https:\/\/kartingsalou.com\/#\/schema\/person\/d1c6ff940a6b2bd1be0553449abe1856"},"headline":"Festa Opening Summer al Karting Salou","datePublished":"2019-06-17T15:24:27+00:00","dateModified":"2019-06-17T15:24:51+00:00","mainEntityOfPage":{"@id":"https:\/\/kartingsalou.com\/ca\/festaopening-summer-al-karting-salou\/"},"wordCount":181,"publisher":{"@id":"https:\/\/kartingsalou.com\/#organization"},"image":{"@id":"https:\/\/kartingsalou.com\/ca\/festaopening-summer-al-karting-salou\/#primaryimage"},"thumbnailUrl":"https:\/\/kartingsalou.com\/wp-content\/uploads\/2019\/06\/IMG_0670.jpg","articleSection":["NOTICIES"],"inLanguage":"ca"},{"@type":"WebPage","@id":"https:\/\/kartingsalou.com\/ca\/festaopening-summer-al-karting-salou\/","url":"https:\/\/kartingsalou.com\/ca\/festaopening-summer-al-karting-salou\/","name":"Festa Opening Summer al Karting Salou - Karting Salou | Karting en Tarragona | Cumplea\u00f1os, Eventos\u200e y mucho m\u00e1s!","isPartOf":{"@id":"https:\/\/kartingsalou.com\/#website"},"primaryImageOfPage":{"@id":"https:\/\/kartingsalou.com\/ca\/festaopening-summer-al-karting-salou\/#primaryimage"},"image":{"@id":"https:\/\/kartingsalou.com\/ca\/festaopening-summer-al-karting-salou\/#primaryimage"},"thumbnailUrl":"https:\/\/kartingsalou.com\/wp-content\/uploads\/2019\/06\/IMG_0670.jpg","datePublished":"2019-06-17T15:24:27+00:00","dateModified":"2019-06-17T15:24:51+00:00","breadcrumb":{"@id":"https:\/\/kartingsalou.com\/ca\/festaopening-summer-al-karting-salou\/#breadcrumb"},"inLanguage":"ca","potentialAction":[{"@type":"ReadAction","target":["https:\/\/kartingsalou.com\/ca\/festaopening-summer-al-karting-salou\/"]}]},{"@type":"ImageObject","inLanguage":"ca","@id":"https:\/\/kartingsalou.com\/ca\/festaopening-summer-al-karting-salou\/#primaryimage","url":"https:\/\/kartingsalou.com\/wp-content\/uploads\/2019\/06\/IMG_0670.jpg","contentUrl":"https:\/\/kartingsalou.com\/wp-content\/uploads\/2019\/06\/IMG_0670.jpg","width":1200,"height":800},{"@type":"BreadcrumbList","@id":"https:\/\/kartingsalou.com\/ca\/festaopening-summer-al-karting-salou\/#breadcrumb","itemListElement":[{"@type":"ListItem","position":1,"name":"Portada","item":"https:\/\/kartingsalou.com\/"},{"@type":"ListItem","position":2,"name":"Festa Opening Summer al Karting Salou"}]},{"@type":"WebSite","@id":"https:\/\/kartingsalou.com\/#website","url":"https:\/\/kartingsalou.com\/","name":"Karting Salou | Karting en Tarragona | Cumplea\u00f1os, Eventos\u200e y mucho m\u00e1s!","description":"Uno de los Mejores Circuitos de Karting de Europa. Eventos, Cumplea\u00f1os. Eventos Para Empresas, \u00a1Ven a Disfrutar! Parking Gratuito. Para Todos los P\u00fablicos. Celebraciones de Eventos. Bus Gratis.","publisher":{"@id":"https:\/\/kartingsalou.com\/#organization"},"alternateName":"Karts Salou","potentialAction":[{"@type":"SearchAction","target":{"@type":"EntryPoint","urlTemplate":"https:\/\/kartingsalou.com\/?s={search_term_string}"},"query-input":{"@type":"PropertyValueSpecification","valueRequired":true,"valueName":"search_term_string"}}],"inLanguage":"ca"},{"@type":"Organization","@id":"https:\/\/kartingsalou.com\/#organization","name":"Karting Salou | Karting en Tarragona | Cumplea\u00f1os, Eventos\u200e y mucho m\u00e1s!","url":"https:\/\/kartingsalou.com\/","logo":{"@type":"ImageObject","inLanguage":"ca","@id":"https:\/\/kartingsalou.com\/#\/schema\/logo\/image\/","url":"https:\/\/kartingsalou.com\/wp-content\/uploads\/2024\/06\/Logo.jpg","contentUrl":"https:\/\/kartingsalou.com\/wp-content\/uploads\/2024\/06\/Logo.jpg","width":1032,"height":415,"caption":"Karting Salou | Karting en Tarragona | Cumplea\u00f1os, Eventos\u200e y mucho m\u00e1s!"},"image":{"@id":"https:\/\/kartingsalou.com\/#\/schema\/logo\/image\/"},"sameAs":["https:\/\/www.facebook.com\/kartingsalou\/","https:\/\/x.com\/saloukarting","https:\/\/www.instagram.com\/kartingsalou\/?hl=es"]},{"@type":"Person","@id":"https:\/\/kartingsalou.com\/#\/schema\/person\/d1c6ff940a6b2bd1be0553449abe1856","name":"karting","image":{"@type":"ImageObject","inLanguage":"ca","@id":"https:\/\/kartingsalou.com\/#\/schema\/person\/image\/","url":"https:\/\/secure.gravatar.com\/avatar\/124ecf6469f0e1bdbc3c01d5f782380b23f30ecaec6cfd5e56c8af13c54dfe25?s=96&d=mm&r=g","contentUrl":"https:\/\/secure.gravatar.com\/avatar\/124ecf6469f0e1bdbc3c01d5f782380b23f30ecaec6cfd5e56c8af13c54dfe25?s=96&d=mm&r=g","caption":"karting"},"url":"https:\/\/kartingsalou.com\/ca\/author\/karting\/"}]}},"_links":{"self":[{"href":"https:\/\/kartingsalou.com\/ca\/wp-json\/wp\/v2\/posts\/1505","targetHints":{"allow":["GET"]}}],"collection":[{"href":"https:\/\/kartingsalou.com\/ca\/wp-json\/wp\/v2\/posts"}],"about":[{"href":"https:\/\/kartingsalou.com\/ca\/wp-json\/wp\/v2\/types\/post"}],"author":[{"embeddable":true,"href":"https:\/\/kartingsalou.com\/ca\/wp-json\/wp\/v2\/users\/1"}],"replies":[{"embeddable":true,"href":"https:\/\/kartingsalou.com\/ca\/wp-json\/wp\/v2\/comments?post=1505"}],"version-history":[{"count":3,"href":"https:\/\/kartingsalou.com\/ca\/wp-json\/wp\/v2\/posts\/1505\/revisions"}],"predecessor-version":[{"id":1508,"href":"https:\/\/kartingsalou.com\/ca\/wp-json\/wp\/v2\/posts\/1505\/revisions\/1508"}],"wp:featuredmedia":[{"embeddable":true,"href":"https:\/\/kartingsalou.com\/ca\/wp-json\/wp\/v2\/media\/1360"}],"wp:attachment":[{"href":"https:\/\/kartingsalou.com\/ca\/wp-json\/wp\/v2\/media?parent=1505"}],"wp:term":[{"taxonomy":"category","embeddable":true,"href":"https:\/\/kartingsalou.com\/ca\/wp-json\/wp\/v2\/categories?post=1505"},{"taxonomy":"post_tag","embeddable":true,"href":"https:\/\/kartingsalou.com\/ca\/wp-json\/wp\/v2\/tags?post=1505"}],"curies":[{"name":"wp","href":"https:\/\/api.w.org\/{rel}","templated":true}]}}